{"id":1998,"date":"2016-03-06T07:31:13","date_gmt":"2016-03-06T07:31:13","guid":{"rendered":"https:\/\/turmlahnstein.wordpress.com\/?p=1998"},"modified":"2016-03-06T07:31:13","modified_gmt":"2016-03-06T07:31:13","slug":"38-vereinsmeisterschaft-2016-4-runde-bericht-des-turnierleiters-michael-sefeloge","status":"publish","type":"post","link":"https:\/\/turm-lahnstein.de\/?p=1998","title":{"rendered":"38. Vereinsmeisterschaft 2016 4.Runde: Bericht des Turnierleiters Michael Sefeloge"},"content":{"rendered":"<p><img loading=\"lazy\" decoding=\"async\" class=\"alignright size-medium wp-image-1999\" src=\"https:\/\/turm-lahnstein.de\/wp-content\/uploads\/2016\/03\/img_0105.jpg?w=300\" alt=\"IMG_0105\" width=\"300\" height=\"225\" srcset=\"https:\/\/turm-lahnstein.de\/wp-content\/uploads\/2016\/03\/img_0105.jpg 1000w, https:\/\/turm-lahnstein.de\/wp-content\/uploads\/2016\/03\/img_0105-300x225.jpg 300w, https:\/\/turm-lahnstein.de\/wp-content\/uploads\/2016\/03\/img_0105-768x576.jpg 768w\" sizes=\"(max-width: 300px) 100vw, 300px\" \/> <img loading=\"lazy\" decoding=\"async\" class=\"alignright size-medium wp-image-2000\" src=\"https:\/\/turm-lahnstein.de\/wp-content\/uploads\/2016\/03\/img_0107.jpg?w=300\" alt=\"IMG_0107\" width=\"300\" height=\"225\" srcset=\"https:\/\/turm-lahnstein.de\/wp-content\/uploads\/2016\/03\/img_0107.jpg 1000w, https:\/\/turm-lahnstein.de\/wp-content\/uploads\/2016\/03\/img_0107-300x225.jpg 300w, https:\/\/turm-lahnstein.de\/wp-content\/uploads\/2016\/03\/img_0107-768x576.jpg 768w\" sizes=\"(max-width: 300px) 100vw, 300px\" \/>Nachdem am vergangenen Freitag bereits zwei Partien vorgespielt wurden (Peter Ley berichtete davon auf der Homepage), fanden am Hauptspieltag sieben weitere Partien statt. Da ich selbst einige Zeit schwer besch\u00e4ftigt war; Elsin Smakic griff meinen noch unrochierten K\u00f6nig mit Dame, L\u00e4ufer und zwei Springern an, sodass ein ersticktes Matt in der Luft lag. Doch dann spielte er zu schnell, \u00fcbersah ein Zwischenschach mit Dame von mir und verlor einen der vorwitzigen Springer. Der Rest war dann nur noch Technik.<!--more--><\/p>\n<p>Dennis Sanner kam gegen Ralf Teichgr\u00e4ber nicht gut aus der Er\u00f6ffnung, hatte irgendwann wahrscheinlich schon eine verlorene Stellung, bevor Ralf Teichgr\u00e4ber mit beginnender Zeitnot nicht immer die richtigen Z\u00fcge fand und die Zeit \u00fcberschritt.<\/p>\n<p>Auch Friedhelm Schneider hatte lange Zeit zu k\u00e4mpfen, da Jakub Rezakovic ihm eine listige Falle gestellt hatte. Er fand aber eine L\u00f6sung auf dem Brett, eine Bauernarmada besiegelte den Rest.<\/p>\n<p>Frank Karzinowski gewann gegen Niklas Herbel, dessen K\u00f6nigsstellung zu offen war, auch Kurt Sanner konnte gewinnen, wie zu h\u00f6ren war nach anf\u00e4nglichen Schwierigkeiten. Elmar Wiskirchen und Colin Klinkner steuerten das einzige Remis des Abends bei und Tomislav Vekic gewann einen Punkt gegen Sipan Aycho, der unentschuldigt nicht antrat.<\/p>\n<p>&nbsp;<\/p>\n<p><strong>4.Runde<\/strong><\/p>\n<table>\n<tbody>\n<tr>\n<td width=\"205\">Ralf Teichgr\u00e4ber<\/td>\n<td width=\"205\">0:1<\/td>\n<td width=\"205\"><strong>Dennis Sanner<\/strong><\/td>\n<\/tr>\n<tr>\n<td width=\"205\">Jakub Rezakovic<\/td>\n<td width=\"205\">0:1<\/td>\n<td width=\"205\"><strong>Friedhelm Schneider<\/strong><\/td>\n<\/tr>\n<tr>\n<td width=\"205\">Ismail Smakic<\/td>\n<td width=\"205\">0:1<\/td>\n<td width=\"205\"><strong>Sabrina Ley<\/strong><\/td>\n<\/tr>\n<tr>\n<td width=\"205\">Elsin Smakic<\/td>\n<td width=\"205\">0:1<\/td>\n<td width=\"205\"><strong>Michael Sefeloge<\/strong><\/td>\n<\/tr>\n<tr>\n<td width=\"205\"><strong>Frank Karzinowski<\/strong><\/td>\n<td width=\"205\">1:0<\/td>\n<td width=\"205\">Niklas Herbel<\/td>\n<\/tr>\n<tr>\n<td width=\"205\"><strong>Kurt Sanner<\/strong><\/td>\n<td width=\"205\">1:0<\/td>\n<td width=\"205\">Luca Engelbrecht<\/td>\n<\/tr>\n<tr>\n<td width=\"205\">Elmar Wiskirchen<\/td>\n<td width=\"205\">r<\/td>\n<td width=\"205\">Colin Klinkner<\/td>\n<\/tr>\n<tr>\n<td width=\"205\"><strong>Tomislav Vekic<\/strong><\/td>\n<td width=\"205\">+:-<\/td>\n<td width=\"205\">Sipan Aycho<\/td>\n<\/tr>\n<tr>\n<td width=\"205\"><strong>Noel Bendel<\/strong><\/td>\n<td width=\"205\">1:0<\/td>\n<td width=\"205\">Joshua Lenz<\/td>\n<\/tr>\n<\/tbody>\n<\/table>\n<p>&nbsp;<\/p>\n<p>Freilos: <strong>Lars Wei\u00dfenfels<\/strong> = 1 Punkt<\/p>\n<p>Auslosung der 5. Runde (Hauptspieltag 18. M\u00e4rz 2016).<\/p>\n<p>&nbsp;<\/p>\n<table>\n<tbody>\n<tr>\n<td width=\"205\">Dennis Sanner<\/td>\n<td width=\"205\">&nbsp;<\/td>\n<td width=\"205\">Friedhelm Schneider<\/td>\n<\/tr>\n<tr>\n<td width=\"205\">Sabrina Ley<\/td>\n<td width=\"205\">&nbsp;<\/td>\n<td width=\"205\">Michael Sefeloge<\/td>\n<\/tr>\n<tr>\n<td width=\"205\">Frank Karzinowski<\/td>\n<td width=\"205\">&nbsp;<\/td>\n<td width=\"205\">Ralf Teichgr\u00e4ber<\/td>\n<\/tr>\n<tr>\n<td width=\"205\">Tomislav Vekic<\/td>\n<td width=\"205\">&nbsp;<\/td>\n<td width=\"205\">Jakub Rezakovic<\/td>\n<\/tr>\n<tr>\n<td width=\"205\">Elsin Smakic<\/td>\n<td width=\"205\">&nbsp;<\/td>\n<td width=\"205\">Kurt Sanner<\/td>\n<\/tr>\n<tr>\n<td width=\"205\">Niklas Herbel<\/td>\n<td width=\"205\">&nbsp;<\/td>\n<td width=\"205\">Noel Bendel<\/td>\n<\/tr>\n<tr>\n<td width=\"205\">Colin Klinkner<\/td>\n<td width=\"205\">&nbsp;<\/td>\n<td width=\"205\">Ismail Smakic<\/td>\n<\/tr>\n<tr>\n<td width=\"205\">Sipan Aycho<\/td>\n<td width=\"205\">&nbsp;<\/td>\n<td width=\"205\">Elmar Wiskirchen<\/td>\n<\/tr>\n<tr>\n<td width=\"205\">Luca Engelbrecht<\/td>\n<td width=\"205\">&nbsp;<\/td>\n<td width=\"205\">Lars Wei\u00dfenfels<\/td>\n<\/tr>\n<\/tbody>\n<\/table>\n<p>Freilos: <strong>Joshua Lenz<\/strong> = 1 Punkt<\/p>\n<p>&nbsp;<\/p>\n<p>Tabelle nach vier Runden<\/p>\n<table>\n<tbody>\n<tr>\n<td width=\"54\"><strong>Rang<\/strong><\/td>\n<td width=\"236\"><strong>Name<\/strong><\/td>\n<td width=\"47\"><strong>G<\/strong><\/td>\n<td width=\"47\"><strong>R<\/strong><\/td>\n<td width=\"47\"><strong>V<\/strong><\/td>\n<td width=\"66\"><strong>Punkte<\/strong><\/td>\n<td width=\"57\"><strong>BH<\/strong><\/td>\n<td width=\"64\"><strong>SB<\/strong><\/td>\n<\/tr>\n<tr>\n<td width=\"54\">&nbsp;<\/td>\n<td width=\"236\">&nbsp;<\/td>\n<td width=\"47\">&nbsp;<\/td>\n<td width=\"47\">&nbsp;<\/td>\n<td width=\"47\">&nbsp;<\/td>\n<td width=\"66\">&nbsp;<\/td>\n<td width=\"57\">&nbsp;<\/td>\n<td width=\"64\">&nbsp;<\/td>\n<\/tr>\n<tr>\n<td width=\"54\">1<\/td>\n<td width=\"236\">Dennis Sanner<\/td>\n<td width=\"47\">4<\/td>\n<td width=\"47\">0<\/td>\n<td width=\"47\">0<\/td>\n<td width=\"66\">4.0<\/td>\n<td width=\"57\">15.5<\/td>\n<td width=\"64\">10.50<\/td>\n<\/tr>\n<tr>\n<td width=\"54\">2<\/td>\n<td width=\"236\">Friedhelm Schneider<\/td>\n<td width=\"47\">3<\/td>\n<td width=\"47\">1<\/td>\n<td width=\"47\">0<\/td>\n<td width=\"66\">3.5<\/td>\n<td width=\"57\">14.5<\/td>\n<td width=\"64\">8.50<\/td>\n<\/tr>\n<tr>\n<td width=\"54\">3<\/td>\n<td width=\"236\">Ralf Teichgr\u00e4ber<\/td>\n<td width=\"47\">3<\/td>\n<td width=\"47\">0<\/td>\n<td width=\"47\">1<\/td>\n<td width=\"66\">3.0<\/td>\n<td width=\"57\">16.5<\/td>\n<td width=\"64\">8.00<\/td>\n<\/tr>\n<tr>\n<td width=\"54\">4<\/td>\n<td width=\"236\">Michael Sefeloge<\/td>\n<td width=\"47\">3<\/td>\n<td width=\"47\">0<\/td>\n<td width=\"47\">1<\/td>\n<td width=\"66\">3.0<\/td>\n<td width=\"57\">15.5<\/td>\n<td width=\"64\">8.00<\/td>\n<\/tr>\n<tr>\n<td width=\"54\">5<\/td>\n<td width=\"236\">Sabrina Ley<\/td>\n<td width=\"47\">3<\/td>\n<td width=\"47\">0<\/td>\n<td width=\"47\">1<\/td>\n<td width=\"66\">3.0<\/td>\n<td width=\"57\">13.5<\/td>\n<td width=\"64\">6.00<\/td>\n<\/tr>\n<tr>\n<td width=\"54\">6<\/td>\n<td width=\"236\">Frank Karzinowski<\/td>\n<td width=\"47\">2<\/td>\n<td width=\"47\">1<\/td>\n<td width=\"47\">1<\/td>\n<td width=\"66\">2.5<\/td>\n<td width=\"57\">15.0<\/td>\n<td width=\"64\">6.00<\/td>\n<\/tr>\n<tr>\n<td width=\"54\">7<\/td>\n<td width=\"236\">Jakub Rezakovic<\/td>\n<td width=\"47\">2<\/td>\n<td width=\"47\">0<\/td>\n<td width=\"47\">2<\/td>\n<td width=\"66\">2.0<\/td>\n<td width=\"57\">16.0<\/td>\n<td width=\"64\">4.50<\/td>\n<\/tr>\n<tr>\n<td width=\"54\">8<\/td>\n<td width=\"236\">Kurt Sanner<\/td>\n<td width=\"47\">2<\/td>\n<td width=\"47\">0<\/td>\n<td width=\"47\">2<\/td>\n<td width=\"66\">2.0<\/td>\n<td width=\"57\">14.5<\/td>\n<td width=\"64\">3.00<\/td>\n<\/tr>\n<tr>\n<td width=\"54\">9<\/td>\n<td width=\"236\">Elsin Smakic<\/td>\n<td width=\"47\">2<\/td>\n<td width=\"47\">0<\/td>\n<td width=\"47\">2<\/td>\n<td width=\"66\">2.0<\/td>\n<td width=\"57\">12.5<\/td>\n<td width=\"64\">2.50<\/td>\n<\/tr>\n<tr>\n<td width=\"54\">10<\/td>\n<td width=\"236\">Ismail Smakic<\/td>\n<td width=\"47\">2<\/td>\n<td width=\"47\">0<\/td>\n<td width=\"47\">2<\/td>\n<td width=\"66\">2.0<\/td>\n<td width=\"57\">12.0<\/td>\n<td width=\"64\">3.00<\/td>\n<\/tr>\n<tr>\n<td width=\"54\">11<\/td>\n<td width=\"236\">Niklas Herbel<\/td>\n<td width=\"47\">2<\/td>\n<td width=\"47\">0<\/td>\n<td width=\"47\">2<\/td>\n<td width=\"66\">2.0<\/td>\n<td width=\"57\">11.5<\/td>\n<td width=\"64\">3.00<\/td>\n<\/tr>\n<tr>\n<td width=\"54\">12<\/td>\n<td width=\"236\">Noel Bendel<\/td>\n<td width=\"47\">2<\/td>\n<td width=\"47\">0<\/td>\n<td width=\"47\">2<\/td>\n<td width=\"66\">2.0<\/td>\n<td width=\"57\">11.5<\/td>\n<td width=\"64\">2.50<\/td>\n<\/tr>\n<tr>\n<td width=\"54\">13<\/td>\n<td width=\"236\">Tomislav Vekic<\/td>\n<td width=\"47\">2<\/td>\n<td width=\"47\">0<\/td>\n<td width=\"47\">2<\/td>\n<td width=\"66\">2.0<\/td>\n<td width=\"57\">11.0<\/td>\n<td width=\"64\">2.50<\/td>\n<\/tr>\n<tr>\n<td width=\"54\">14<\/td>\n<td width=\"236\">Joshua Lenz<\/td>\n<td width=\"47\">2<\/td>\n<td width=\"47\">0<\/td>\n<td width=\"47\">3<\/td>\n<td width=\"66\">2.0<\/td>\n<td width=\"57\">10.0<\/td>\n<td width=\"64\">3.00<\/td>\n<\/tr>\n<tr>\n<td width=\"54\">15<\/td>\n<td width=\"236\">Elmar Wiskirchen<\/td>\n<td width=\"47\">1<\/td>\n<td width=\"47\">1<\/td>\n<td width=\"47\">2<\/td>\n<td width=\"66\">1.5<\/td>\n<td width=\"57\">11.5<\/td>\n<td width=\"64\">2.25<\/td>\n<\/tr>\n<tr>\n<td width=\"54\">16<\/td>\n<td width=\"236\">Colin Klinkner<\/td>\n<td width=\"47\">1<\/td>\n<td width=\"47\">1<\/td>\n<td width=\"47\">2<\/td>\n<td width=\"66\">1.5<\/td>\n<td width=\"57\">11.0<\/td>\n<td width=\"64\">2.50<\/td>\n<\/tr>\n<tr>\n<td width=\"54\">17<\/td>\n<td width=\"236\">Sipan Aycho<\/td>\n<td width=\"47\">1<\/td>\n<td width=\"47\">0<\/td>\n<td width=\"47\">3<\/td>\n<td width=\"66\">1.0<\/td>\n<td width=\"57\">12.5<\/td>\n<td width=\"64\">2.00<\/td>\n<\/tr>\n<tr>\n<td width=\"54\">18<\/td>\n<td width=\"236\">Luca Engelbrecht<\/td>\n<td width=\"47\">1<\/td>\n<td width=\"47\">0<\/td>\n<td width=\"47\">3<\/td>\n<td width=\"66\">1.0<\/td>\n<td width=\"57\">11.5<\/td>\n<td width=\"64\">2.00<\/td>\n<\/tr>\n<tr>\n<td width=\"54\">19<\/td>\n<td width=\"236\">Lars Wei\u00dfenfels<\/td>\n<td width=\"47\">1<\/td>\n<td width=\"47\">0<\/td>\n<td width=\"47\">3<\/td>\n<td width=\"66\">1.0<\/td>\n<td width=\"57\">10.5<\/td>\n<td width=\"64\">0.50<\/td>\n<\/tr>\n<\/tbody>\n<\/table>\n<p>&nbsp;<\/p>\n<p>&nbsp;<\/p>\n","protected":false},"excerpt":{"rendered":"<p>Nachdem am vergangenen Freitag bereits zwei Partien vorgespielt wurden (Peter Ley berichtete davon auf der Homepage), fanden am Hauptspieltag sieben weitere Partien statt. Da ich selbst einige Zeit schwer besch\u00e4ftigt [&hellip;]<\/p>\n","protected":false},"author":4,"featured_media":0,"comment_status":"open","ping_status":"open","sticky":false,"template":"","format":"standard","meta":{"footnotes":""},"categories":[1],"tags":[],"_links":{"self":[{"href":"https:\/\/turm-lahnstein.de\/index.php?rest_route=\/wp\/v2\/posts\/1998"}],"collection":[{"href":"https:\/\/turm-lahnstein.de\/index.php?rest_route=\/wp\/v2\/posts"}],"about":[{"href":"https:\/\/turm-lahnstein.de\/index.php?rest_route=\/wp\/v2\/types\/post"}],"author":[{"embeddable":true,"href":"https:\/\/turm-lahnstein.de\/index.php?rest_route=\/wp\/v2\/users\/4"}],"replies":[{"embeddable":true,"href":"https:\/\/turm-lahnstein.de\/index.php?rest_route=%2Fwp%2Fv2%2Fcomments&post=1998"}],"version-history":[{"count":0,"href":"https:\/\/turm-lahnstein.de\/index.php?rest_route=\/wp\/v2\/posts\/1998\/revisions"}],"wp:attachment":[{"href":"https:\/\/turm-lahnstein.de\/index.php?rest_route=%2Fwp%2Fv2%2Fmedia&parent=1998"}],"wp:term":[{"taxonomy":"category","embeddable":true,"href":"https:\/\/turm-lahnstein.de\/index.php?rest_route=%2Fwp%2Fv2%2Fcategories&post=1998"},{"taxonomy":"post_tag","embeddable":true,"href":"https:\/\/turm-lahnstein.de\/index.php?rest_route=%2Fwp%2Fv2%2Ftags&post=1998"}],"curies":[{"name":"wp","href":"https:\/\/api.w.org\/{rel}","templated":true}]}}