{"id":1986,"date":"2016-02-28T15:16:15","date_gmt":"2016-02-28T15:16:15","guid":{"rendered":"https:\/\/turmlahnstein.wordpress.com\/?p=1986"},"modified":"2016-02-28T15:16:15","modified_gmt":"2016-02-28T15:16:15","slug":"1-mannschaft-wichtiger-sieg-im-lokalderby","status":"publish","type":"post","link":"https:\/\/turm-lahnstein.de\/?p=1986","title":{"rendered":"1.Mannschaft: Wichtiger Sieg im Lokalderby"},"content":{"rendered":"<p><img loading=\"lazy\" decoding=\"async\" class=\"alignright size-medium wp-image-1993\" src=\"https:\/\/turm-lahnstein.de\/wp-content\/uploads\/2016\/02\/l1-vfr.jpg?w=300\" alt=\"L1-VFR\" width=\"300\" height=\"225\" srcset=\"https:\/\/turm-lahnstein.de\/wp-content\/uploads\/2016\/02\/l1-vfr.jpg 1000w, https:\/\/turm-lahnstein.de\/wp-content\/uploads\/2016\/02\/l1-vfr-300x225.jpg 300w, https:\/\/turm-lahnstein.de\/wp-content\/uploads\/2016\/02\/l1-vfr-768x576.jpg 768w\" sizes=\"(max-width: 300px) 100vw, 300px\" \/>Nachdem unsere 1. nach gutem\u00a0 Saisonstart nur eines der letzten 5 Spiele gewinnen konnte mussten, um nicht doch noch in Abstiegsgefahr zu geraten, Punkte her. Unserere Nachbarn vom VFR Koblenz haben bis dahin eine sehr gute Runde gespielt und lagen vor der Begegnung auf Rang 2. Nachdem einige Stammspieler ausfielen war das Unterfangen recht schwierig.<!--more--> Zum Gl\u00fcck konnte auch der Gegner nicht alle Stammspieler aufbieten. Ralf und Julian gaben fr\u00fch Remis, die anderen 6 Partien wurden ausgek\u00e4mpft. Sabrina gewann aus der Er\u00f6ffnung eine Figur f\u00fchlte sich aber gest\u00f6rt und unwohl War das der Grund warum sie ohne Not die Figur wieder gegen einen Bauern hergab? Sie konnte dann aber den K\u00f6nig ihres Gegners auf Abwege f\u00fchren und der hatte die Wahl zwischen Matt und Dameverlust. Kurt stand mit Wei\u00df nach der Er\u00f6ffnung leicht bedr\u00e4ngt, fand aber eine stabile Verteidigung. Durch eine Unachtsamkeit des Schwarzen gewann er eine Figur und den Punkt. Dennis f\u00fchrte das bessere Endspiel sicher zum Sieg, w\u00e4hrend J\u00f6rg seine Stellung zum Remis hielt. Leider gelang dies Werner nicht, er griff in einem sehr remislichen Endspiel fehl. Ein sehr interressantes Endspiel hatte Mannschaftsf\u00fchrer Stephan. Zun\u00e4chst einen Bauern weniger, konnte er seinen gef\u00e4hrlichen Freibauern als erster kurz vor die Umwandlung f\u00fchren und sein Gegner musste den Turm daf\u00fcr geben. Damit war das Spiel keineswegs gelaufen, musster Stephan nun mit Turm gegen 3 Bauern k\u00e4mpfen (siehe Bild), wovon einer ebenfalls kurz vor der Umwandlung stand. Zu gewinnen war das wohl nicht mehr. Stephan konnte die Partie halten und mit diesem weiteren Remis hatten wir 5-3 gewonnen. Das letzte Saisonspiel mit dem traditionellen Abschlussessen kann nun entspannt angegangen werden.<img loading=\"lazy\" decoding=\"async\" class=\"alignright size-medium wp-image-1994\" src=\"https:\/\/turm-lahnstein.de\/wp-content\/uploads\/2016\/02\/l1-vfr-bild3.jpg?w=300\" alt=\"L1-VFR-Bild3\" width=\"300\" height=\"225\" srcset=\"https:\/\/turm-lahnstein.de\/wp-content\/uploads\/2016\/02\/l1-vfr-bild3.jpg 1000w, https:\/\/turm-lahnstein.de\/wp-content\/uploads\/2016\/02\/l1-vfr-bild3-300x225.jpg 300w, https:\/\/turm-lahnstein.de\/wp-content\/uploads\/2016\/02\/l1-vfr-bild3-768x576.jpg 768w\" sizes=\"(max-width: 300px) 100vw, 300px\" \/> <img loading=\"lazy\" decoding=\"async\" class=\"alignright size-medium wp-image-1992\" src=\"https:\/\/turm-lahnstein.de\/wp-content\/uploads\/2016\/02\/l1-vfr-bild2.jpg?w=300\" alt=\"L1-VFR-Bild2\" width=\"300\" height=\"225\" srcset=\"https:\/\/turm-lahnstein.de\/wp-content\/uploads\/2016\/02\/l1-vfr-bild2.jpg 1000w, https:\/\/turm-lahnstein.de\/wp-content\/uploads\/2016\/02\/l1-vfr-bild2-300x225.jpg 300w, https:\/\/turm-lahnstein.de\/wp-content\/uploads\/2016\/02\/l1-vfr-bild2-768x576.jpg 768w\" sizes=\"(max-width: 300px) 100vw, 300px\" \/><\/p>\n","protected":false},"excerpt":{"rendered":"<p>Nachdem unsere 1. nach gutem\u00a0 Saisonstart nur eines der letzten 5 Spiele gewinnen konnte mussten, um nicht doch noch in Abstiegsgefahr zu geraten, Punkte her. Unserere Nachbarn vom VFR Koblenz [&hellip;]<\/p>\n","protected":false},"author":4,"featured_media":0,"comment_status":"open","ping_status":"open","sticky":false,"template":"","format":"standard","meta":{"footnotes":""},"categories":[214],"tags":[],"_links":{"self":[{"href":"https:\/\/turm-lahnstein.de\/index.php?rest_route=\/wp\/v2\/posts\/1986"}],"collection":[{"href":"https:\/\/turm-lahnstein.de\/index.php?rest_route=\/wp\/v2\/posts"}],"about":[{"href":"https:\/\/turm-lahnstein.de\/index.php?rest_route=\/wp\/v2\/types\/post"}],"author":[{"embeddable":true,"href":"https:\/\/turm-lahnstein.de\/index.php?rest_route=\/wp\/v2\/users\/4"}],"replies":[{"embeddable":true,"href":"https:\/\/turm-lahnstein.de\/index.php?rest_route=%2Fwp%2Fv2%2Fcomments&post=1986"}],"version-history":[{"count":0,"href":"https:\/\/turm-lahnstein.de\/index.php?rest_route=\/wp\/v2\/posts\/1986\/revisions"}],"wp:attachment":[{"href":"https:\/\/turm-lahnstein.de\/index.php?rest_route=%2Fwp%2Fv2%2Fmedia&parent=1986"}],"wp:term":[{"taxonomy":"category","embeddable":true,"href":"https:\/\/turm-lahnstein.de\/index.php?rest_route=%2Fwp%2Fv2%2Fcategories&post=1986"},{"taxonomy":"post_tag","embeddable":true,"href":"https:\/\/turm-lahnstein.de\/index.php?rest_route=%2Fwp%2Fv2%2Ftags&post=1986"}],"curies":[{"name":"wp","href":"https:\/\/api.w.org\/{rel}","templated":true}]}}