{"id":1982,"date":"2016-02-25T12:04:39","date_gmt":"2016-02-25T12:04:39","guid":{"rendered":"https:\/\/turmlahnstein.wordpress.com\/?p=1982"},"modified":"2016-02-25T12:04:39","modified_gmt":"2016-02-25T12:04:39","slug":"pressebericht-magere-punkteausbeute","status":"publish","type":"post","link":"https:\/\/turm-lahnstein.de\/?p=1982","title":{"rendered":"Pressebericht: Magere Punkteausbeute"},"content":{"rendered":"<p><img loading=\"lazy\" decoding=\"async\" class=\"alignright size-full wp-image-68\" src=\"https:\/\/turmlahnstein.files.wordpress.com\/2012\/09\/friedhelm_col.jpg\" alt=\"friedhelm_col\" width=\"254\" height=\"248\" \/>Ein Wochenende ohne z\u00e4hlbare Erfolge mussten die zweite und dritte Mannschaft des Schachvereins Turm Lahnstein hinnehmen. Die zweite Vertretung kam gegen den VfR Koblenz in der Rheinland-Liga mit 2 : 6 unter die R\u00e4der. <!--more-->Neben einem Siegpunkt durch Peter Schreieck blieben aus den \u00fcbrigen Begegnungen letztlich nur Remisen durch Gerhard Reznik und Florian Auras, was eine deutliche Niederlage bedeutete. In der Begegnung der dritten Mannschaft beim SC Nast\u00e4tten II wogten die Partien hin und her, aber die Rhein-Lahn-St\u00e4dter hatten diesmal das schlechtere Ende f\u00fcr sich. Von der reinen Jugendmannschaft blieb Lars Wei\u00dfenfels siegreich und Martin Walzer steuerte ein Remis bei. Bei zwei verlorenen Partien ergab dies unter dem Strich leider ebenfalls eine<br \/>\nNiederlage.<\/p>\n","protected":false},"excerpt":{"rendered":"<p>Ein Wochenende ohne z\u00e4hlbare Erfolge mussten die zweite und dritte Mannschaft des Schachvereins Turm Lahnstein hinnehmen. Die zweite Vertretung kam gegen den VfR Koblenz in der Rheinland-Liga mit 2 : [&hellip;]<\/p>\n","protected":false},"author":4,"featured_media":0,"comment_status":"open","ping_status":"open","sticky":false,"template":"","format":"standard","meta":{"footnotes":""},"categories":[1],"tags":[],"_links":{"self":[{"href":"https:\/\/turm-lahnstein.de\/index.php?rest_route=\/wp\/v2\/posts\/1982"}],"collection":[{"href":"https:\/\/turm-lahnstein.de\/index.php?rest_route=\/wp\/v2\/posts"}],"about":[{"href":"https:\/\/turm-lahnstein.de\/index.php?rest_route=\/wp\/v2\/types\/post"}],"author":[{"embeddable":true,"href":"https:\/\/turm-lahnstein.de\/index.php?rest_route=\/wp\/v2\/users\/4"}],"replies":[{"embeddable":true,"href":"https:\/\/turm-lahnstein.de\/index.php?rest_route=%2Fwp%2Fv2%2Fcomments&post=1982"}],"version-history":[{"count":0,"href":"https:\/\/turm-lahnstein.de\/index.php?rest_route=\/wp\/v2\/posts\/1982\/revisions"}],"wp:attachment":[{"href":"https:\/\/turm-lahnstein.de\/index.php?rest_route=%2Fwp%2Fv2%2Fmedia&parent=1982"}],"wp:term":[{"taxonomy":"category","embeddable":true,"href":"https:\/\/turm-lahnstein.de\/index.php?rest_route=%2Fwp%2Fv2%2Fcategories&post=1982"},{"taxonomy":"post_tag","embeddable":true,"href":"https:\/\/turm-lahnstein.de\/index.php?rest_route=%2Fwp%2Fv2%2Ftags&post=1982"}],"curies":[{"name":"wp","href":"https:\/\/api.w.org\/{rel}","templated":true}]}}