{"id":1886,"date":"2016-01-28T11:07:13","date_gmt":"2016-01-28T11:07:13","guid":{"rendered":"https:\/\/turmlahnstein.wordpress.com\/?p=1886"},"modified":"2016-01-28T11:07:13","modified_gmt":"2016-01-28T11:07:13","slug":"pressebericht-vereinsmeisterschaft-hat-begonnen","status":"publish","type":"post","link":"https:\/\/turm-lahnstein.de\/?p=1886","title":{"rendered":"Pressebericht: Vereinsmeisterschaft hat begonnen"},"content":{"rendered":"<p><img loading=\"lazy\" decoding=\"async\" class=\"alignright size-full wp-image-68\" src=\"https:\/\/turmlahnstein.files.wordpress.com\/2012\/09\/friedhelm_col.jpg\" alt=\"friedhelm_col\" width=\"254\" height=\"248\" \/>Die vom Schachverein Turm Lahnstein ausgerichtete Stadt- und Vereinsmeisterschaft weist zu ihrem Beginn bereits mehrere positive Vorzeichen auf. Mit 19 Schachfreundinnen und -freunden ist nach einigen Jahren wieder einmal eine angemessene Teilnehmerzahl zu verzeichnen. <!--more-->Umso erfreulicher, dass sich hierbei die Jugendlichen sogar in der \u00dcberzahl befinden. Hauptfavorit ist Dennis Sanner, der schon siebenmal die Krone des Vereinsmeisters errang. Vor allem Sabrina Ley, Ralf Teichgr\u00e4ber und Titelverteidiger Friedhelm Schneider d\u00fcrften ihm voraussichtlich den Titel\u00a0\u00a0 am ehesten streitig machen.<\/p>\n<p>In der ersten Runde setzten sich schlie\u00dflich alle Favoriten durch, hatten jedoch mehr Widerstand als ihnen lieb war, zu \u00fcberwinden. Dies galt vor allem f\u00fcr Kurt Sanner, der gegen den gerade zehn Jahre alt gewordenen Joshua Lenz bange Momente zu \u00fcberstehen hatte. Auch Ismail Smakic und Luca Engelbrecht zeigten in ihren Partien gegen turniererfahrene Gegner, die gut viermal so alt wie sie selbst sind, keinen Respekt und mussten sich erst in der letzten Partiephase geschlagen geben. Die Vereinsmeisterschaft 2016 verspricht sehr spannend zu werden.<\/p>\n","protected":false},"excerpt":{"rendered":"<p>Die vom Schachverein Turm Lahnstein ausgerichtete Stadt- und Vereinsmeisterschaft weist zu ihrem Beginn bereits mehrere positive Vorzeichen auf. Mit 19 Schachfreundinnen und -freunden ist nach einigen Jahren wieder einmal eine [&hellip;]<\/p>\n","protected":false},"author":4,"featured_media":0,"comment_status":"open","ping_status":"open","sticky":false,"template":"","format":"standard","meta":{"footnotes":""},"categories":[1],"tags":[],"_links":{"self":[{"href":"https:\/\/turm-lahnstein.de\/index.php?rest_route=\/wp\/v2\/posts\/1886"}],"collection":[{"href":"https:\/\/turm-lahnstein.de\/index.php?rest_route=\/wp\/v2\/posts"}],"about":[{"href":"https:\/\/turm-lahnstein.de\/index.php?rest_route=\/wp\/v2\/types\/post"}],"author":[{"embeddable":true,"href":"https:\/\/turm-lahnstein.de\/index.php?rest_route=\/wp\/v2\/users\/4"}],"replies":[{"embeddable":true,"href":"https:\/\/turm-lahnstein.de\/index.php?rest_route=%2Fwp%2Fv2%2Fcomments&post=1886"}],"version-history":[{"count":0,"href":"https:\/\/turm-lahnstein.de\/index.php?rest_route=\/wp\/v2\/posts\/1886\/revisions"}],"wp:attachment":[{"href":"https:\/\/turm-lahnstein.de\/index.php?rest_route=%2Fwp%2Fv2%2Fmedia&parent=1886"}],"wp:term":[{"taxonomy":"category","embeddable":true,"href":"https:\/\/turm-lahnstein.de\/index.php?rest_route=%2Fwp%2Fv2%2Fcategories&post=1886"},{"taxonomy":"post_tag","embeddable":true,"href":"https:\/\/turm-lahnstein.de\/index.php?rest_route=%2Fwp%2Fv2%2Ftags&post=1886"}],"curies":[{"name":"wp","href":"https:\/\/api.w.org\/{rel}","templated":true}]}}