{"id":1879,"date":"2016-01-22T22:32:30","date_gmt":"2016-01-22T22:32:30","guid":{"rendered":"https:\/\/turmlahnstein.wordpress.com\/?p=1879"},"modified":"2016-01-22T22:32:30","modified_gmt":"2016-01-22T22:32:30","slug":"v38-vereinsmeisterschaft-2016-1-runde-bericht-des-turnierleiters","status":"publish","type":"post","link":"https:\/\/turm-lahnstein.de\/?p=1879","title":{"rendered":"V38. Vereinsmeisterschaft 2016:  1.Runde Bericht des Turnierleiters"},"content":{"rendered":"<p>Michael Sefeloge berichtet: Mit einer sehr erfreulichen \u00dcberraschung startete diesmal das erste Vereinsturnier des neuen Jahres. 19 (in Worten neunzehn!) Vereinsmitglieder hatten sich angemeldet, so viel wie schon lange nicht mehr. W\u00e4hrend dieser Meisterschaft werde ich mal ein bisschen in unseren Chroniken nachforschen, wann letztmals eine solche Anzahl mitmachen wollte, es sind bestimmt Jahrzehnte her.<!--more--><\/p>\n<p>Erfreulich ausgewogen ist das Feld, es spielen mit elf Jugendliche, darunter zwei M\u00e4dchen. Hinzu kommen vier Senioren und noch einmal vier Spieler \u00dc 60.<\/p>\n<p>Wenn auch der Spielst\u00e4rkeunterschied in der 1. Runde naturgem\u00e4\u00df an gr\u00f6\u00dften ist, hatten doch zumindest drei Favoriten heftig zu k\u00e4mpfen, bevor sie sich durchsetzen konnten. So lehnte Joshua Lenz gegen Kurt Sanner ein Remis Angebot in besserer Stellung ab, um dann doch noch zu verlieren. Und Luca Engelbrecht konnte eine wahrscheinlich schon gewonnene Stellung gegen Frank Karzinowski auch nicht gewinnen, obwohl er bis zum Schluss k\u00e4mpfte. Das einzige Nachholspiel konnte Dennis Sanner gegen Elmar Wiskirchen gewinnen, nach eigener Aussage ganz knapp, bei korrektem Endspiel w\u00e4re es wohl Remis geworden!<\/p>\n<p>So spannend kann es ruhig weitergehen!<\/p>\n<p>&nbsp;<\/p>\n<ol>\n<li><strong> Runde<\/strong><\/li>\n<\/ol>\n<table>\n<tbody>\n<tr>\n<td width=\"205\"><strong>Dennis Sanner<\/strong><\/td>\n<td width=\"205\">1:0<\/td>\n<td width=\"205\">Elmar Wiskirchen<\/td>\n<\/tr>\n<tr>\n<td width=\"205\">Lars Wei\u00dfenfels<\/td>\n<td width=\"205\">0:1<\/td>\n<td width=\"205\"><strong>Ralf Teichgr\u00e4ber<\/strong><\/td>\n<\/tr>\n<tr>\n<td width=\"205\"><strong>Friedhelm Schneider<\/strong><\/td>\n<td width=\"205\">1:0<\/td>\n<td width=\"205\">Tomislav Vekic<\/td>\n<\/tr>\n<tr>\n<td width=\"205\">Ismail Smakic<\/td>\n<td width=\"205\">0:1<\/td>\n<td width=\"205\"><strong>Jakub Rezakovic<\/strong><\/td>\n<\/tr>\n<tr>\n<td width=\"205\"><strong>Sabrina Ley<\/strong><\/td>\n<td width=\"205\">1:0<\/td>\n<td width=\"205\">Elsin Smakic<\/td>\n<\/tr>\n<tr>\n<td width=\"205\">Joshua Lenz<\/td>\n<td width=\"205\">0:1<\/td>\n<td width=\"205\"><strong>Kurt Sanner<\/strong><\/td>\n<\/tr>\n<tr>\n<td width=\"205\"><strong>Michael Sefeloge<\/strong><\/td>\n<td width=\"205\">1:0<\/td>\n<td width=\"205\">Noel Bendel<\/td>\n<\/tr>\n<tr>\n<td width=\"205\">Luca Engelbrecht<\/td>\n<td width=\"205\">0:1<\/td>\n<td width=\"205\"><strong>Frank Karzinowski<\/strong><\/td>\n<\/tr>\n<tr>\n<td width=\"205\"><strong>Niklas Herbel<\/strong><\/td>\n<td width=\"205\">1:0<\/td>\n<td width=\"205\">Colin Klinkner<\/td>\n<\/tr>\n<\/tbody>\n<\/table>\n<p>&nbsp;<\/p>\n<p>Freilos: <strong>Sipan Aycho<\/strong> = 1 Punkt<\/p>\n<p>&nbsp;<\/p>\n<p>Auslosung der <strong>2. Runde <\/strong>(Stichtag ist der 5. Februar 2016).<\/p>\n<table>\n<tbody>\n<tr>\n<td width=\"205\">Kurt Sanner<\/td>\n<td width=\"205\"><\/td>\n<td width=\"205\">Dennis Sanner<\/td>\n<\/tr>\n<tr>\n<td width=\"205\">Ralf Teichgr\u00e4ber<\/td>\n<td width=\"205\"><\/td>\n<td width=\"205\">Michael Sefeloge<\/td>\n<\/tr>\n<tr>\n<td width=\"205\">Frank Karzinowski<\/td>\n<td width=\"205\"><\/td>\n<td width=\"205\">Friedhelm Schneider<\/td>\n<\/tr>\n<tr>\n<td width=\"205\">Jakub Rezakovic<\/td>\n<td width=\"205\"><\/td>\n<td width=\"205\">Niklas Herbel<\/td>\n<\/tr>\n<tr>\n<td width=\"205\">Sipan Aycho<\/td>\n<td width=\"205\"><\/td>\n<td width=\"205\">Sabrina Ley<\/td>\n<\/tr>\n<tr>\n<td width=\"205\">Elmar Wiskirchen<\/td>\n<td width=\"205\"><\/td>\n<td width=\"205\">Joshua Lenz<\/td>\n<\/tr>\n<tr>\n<td width=\"205\">Elsin Smakic<\/td>\n<td width=\"205\"><\/td>\n<td width=\"205\">Lars Wei\u00dfenfels<\/td>\n<\/tr>\n<tr>\n<td width=\"205\">Tomislav Vekic<\/td>\n<td width=\"205\"><\/td>\n<td width=\"205\">Luca Engelbrecht<\/td>\n<\/tr>\n<tr>\n<td width=\"205\">Noel Bendel<\/td>\n<td width=\"205\"><\/td>\n<td width=\"205\">Ismail Smakic<\/td>\n<\/tr>\n<\/tbody>\n<\/table>\n<p>&nbsp;<\/p>\n<p>Freilos: <strong>Colin Klinkner<\/strong> = 1 Punkt<\/p>\n","protected":false},"excerpt":{"rendered":"<p>Michael Sefeloge berichtet: Mit einer sehr erfreulichen \u00dcberraschung startete diesmal das erste Vereinsturnier des neuen Jahres. 19 (in Worten neunzehn!) Vereinsmitglieder hatten sich angemeldet, so viel wie schon lange nicht [&hellip;]<\/p>\n","protected":false},"author":4,"featured_media":0,"comment_status":"open","ping_status":"open","sticky":false,"template":"","format":"standard","meta":{"footnotes":""},"categories":[1],"tags":[],"_links":{"self":[{"href":"https:\/\/turm-lahnstein.de\/index.php?rest_route=\/wp\/v2\/posts\/1879"}],"collection":[{"href":"https:\/\/turm-lahnstein.de\/index.php?rest_route=\/wp\/v2\/posts"}],"about":[{"href":"https:\/\/turm-lahnstein.de\/index.php?rest_route=\/wp\/v2\/types\/post"}],"author":[{"embeddable":true,"href":"https:\/\/turm-lahnstein.de\/index.php?rest_route=\/wp\/v2\/users\/4"}],"replies":[{"embeddable":true,"href":"https:\/\/turm-lahnstein.de\/index.php?rest_route=%2Fwp%2Fv2%2Fcomments&post=1879"}],"version-history":[{"count":0,"href":"https:\/\/turm-lahnstein.de\/index.php?rest_route=\/wp\/v2\/posts\/1879\/revisions"}],"wp:attachment":[{"href":"https:\/\/turm-lahnstein.de\/index.php?rest_route=%2Fwp%2Fv2%2Fmedia&parent=1879"}],"wp:term":[{"taxonomy":"category","embeddable":true,"href":"https:\/\/turm-lahnstein.de\/index.php?rest_route=%2Fwp%2Fv2%2Fcategories&post=1879"},{"taxonomy":"post_tag","embeddable":true,"href":"https:\/\/turm-lahnstein.de\/index.php?rest_route=%2Fwp%2Fv2%2Ftags&post=1879"}],"curies":[{"name":"wp","href":"https:\/\/api.w.org\/{rel}","templated":true}]}}