{"id":1824,"date":"2016-01-07T17:25:39","date_gmt":"2016-01-07T17:25:39","guid":{"rendered":"https:\/\/turmlahnstein.wordpress.com\/?p=1824"},"modified":"2016-01-07T17:25:39","modified_gmt":"2016-01-07T17:25:39","slug":"pressebericht-gut-besuchtes-jahresabschlussturnier","status":"publish","type":"post","link":"https:\/\/turm-lahnstein.de\/?p=1824","title":{"rendered":"Pressebericht: Gut besuchtes Jahresabschlussturnier"},"content":{"rendered":"<p><img loading=\"lazy\" decoding=\"async\" class=\"alignright size-full wp-image-68\" src=\"https:\/\/turmlahnstein.files.wordpress.com\/2012\/09\/friedhelm_col.jpg\" alt=\"friedhelm_col\" width=\"254\" height=\"248\" \/>Beim Schachverein Turm Lahnstein klingt das zu Ende gehende Jahr mit einem Schnellschachturnier aus. Neunundzwanzig Teilnehmerinnen und Teilnehmer bildeten ein bunt gemischtes Feld, in dem sich Kinder und Jugendliche sowie Erwachsene zahlenm\u00e4\u00dfig fast genau die Wagschale hielten. <!--more-->Dennis Sanner, Meister des Weltschachverbandes FIDE, aber zuletzt nur noch wenig aktiv, wurde letztendlich mit sechs Punkten aus sieben Partien seiner Favoritenstellung gerecht, hatte aber in mehreren Partien hart zu knabbern. Auf dem zweiten Rang endete mit Norbert Niechoj mit 5,5 Punkten der \u00e4lteste aber auch einer der kombinationsst\u00e4rksten Teilnehmer. Als einziger nicht Vereinsangeh\u00f6riger stellte Volker Thommes mit f\u00fcnf Punkten seine Spielst\u00e4rke zum wiederholten Male unter Beweis und sicherte sich den dritten Platz. Unter den folgenden Teilnehmern mit je 4,5 Punkten lagen mit Sabrina Ley, die es im Jugendspielbetrieb schon mehrfach zur Teilnahme an Deutschen Meisterschaften brachte und\u00a0\u00a0 etwas \u00fcberraschend Elsin Smakic, der ein sehr gutes Turnier spielte, auch die zwei besten Jugendlichen.<\/p>\n","protected":false},"excerpt":{"rendered":"<p>Beim Schachverein Turm Lahnstein klingt das zu Ende gehende Jahr mit einem Schnellschachturnier aus. Neunundzwanzig Teilnehmerinnen und Teilnehmer bildeten ein bunt gemischtes Feld, in dem sich Kinder und Jugendliche sowie [&hellip;]<\/p>\n","protected":false},"author":4,"featured_media":0,"comment_status":"open","ping_status":"open","sticky":false,"template":"","format":"standard","meta":{"footnotes":""},"categories":[11,1],"tags":[],"_links":{"self":[{"href":"https:\/\/turm-lahnstein.de\/index.php?rest_route=\/wp\/v2\/posts\/1824"}],"collection":[{"href":"https:\/\/turm-lahnstein.de\/index.php?rest_route=\/wp\/v2\/posts"}],"about":[{"href":"https:\/\/turm-lahnstein.de\/index.php?rest_route=\/wp\/v2\/types\/post"}],"author":[{"embeddable":true,"href":"https:\/\/turm-lahnstein.de\/index.php?rest_route=\/wp\/v2\/users\/4"}],"replies":[{"embeddable":true,"href":"https:\/\/turm-lahnstein.de\/index.php?rest_route=%2Fwp%2Fv2%2Fcomments&post=1824"}],"version-history":[{"count":0,"href":"https:\/\/turm-lahnstein.de\/index.php?rest_route=\/wp\/v2\/posts\/1824\/revisions"}],"wp:attachment":[{"href":"https:\/\/turm-lahnstein.de\/index.php?rest_route=%2Fwp%2Fv2%2Fmedia&parent=1824"}],"wp:term":[{"taxonomy":"category","embeddable":true,"href":"https:\/\/turm-lahnstein.de\/index.php?rest_route=%2Fwp%2Fv2%2Fcategories&post=1824"},{"taxonomy":"post_tag","embeddable":true,"href":"https:\/\/turm-lahnstein.de\/index.php?rest_route=%2Fwp%2Fv2%2Ftags&post=1824"}],"curies":[{"name":"wp","href":"https:\/\/api.w.org\/{rel}","templated":true}]}}