{"id":1757,"date":"2015-12-13T17:41:02","date_gmt":"2015-12-13T17:41:02","guid":{"rendered":"https:\/\/turmlahnstein.wordpress.com\/?p=1757"},"modified":"2015-12-13T17:41:02","modified_gmt":"2015-12-13T17:41:02","slug":"ralf-teichgraeber-pokalsieger","status":"publish","type":"post","link":"https:\/\/turm-lahnstein.de\/?p=1757","title":{"rendered":"Ralf Teichgr\u00e4ber &#8211; Pokalsieger!"},"content":{"rendered":"<p align=\"justify\"><span style=\"font-size:medium;\"><img loading=\"lazy\" decoding=\"async\" class=\" size-full wp-image-61 alignleft\" src=\"https:\/\/turmlahnstein.files.wordpress.com\/2012\/09\/pokal.jpg\" alt=\"Pokal\" width=\"118\" height=\"235\" \/>Mit 12 Teilnehmer\/innen an dieser Veranstaltung sind in diesem Jahr immerhin drei mehr zu verzeichnen als zuletzt. Die H\u00e4lfte davon sind Jugendliche, ein sehr erfreulicher Trend nach einigen mageren Jahren.<\/span><!--more--><\/p>\n<p align=\"justify\"><span style=\"font-size:medium;\">Bei der Auslosung agierte als Gl\u00fccksfee die 5 Jahre alte Johanna Lenz, die folgende Begegnungen aus dem Lostopf zog:<\/span><\/p>\n<p align=\"justify\">\n<p align=\"justify\"><span style=\"font-size:medium;\"><b>1. Runde <\/b><\/span><\/p>\n<p align=\"justify\"><span style=\"font-size:medium;\">Peter Schreieck \u2013 <\/span><span style=\"font-size:medium;\"><b>Peter Ley<\/b><\/span><span style=\"font-size:medium;\"> r 0:3 Blitz<\/span><\/p>\n<p align=\"justify\"><span style=\"font-size:medium;\">Ismail Smakic \u2013 <\/span><span style=\"font-size:medium;\"><b>Lars Wei\u00dfenfels<\/b><\/span><span style=\"font-size:medium;\"> 0:1<\/span><\/p>\n<p align=\"justify\"><span style=\"font-size:medium;\">Tomislav Vekic \u2013 <\/span><span style=\"font-size:medium;\"><b>Ralf Teichgr\u00e4ber<\/b><\/span><span style=\"font-size:medium;\"> 0:1<\/span><\/p>\n<p align=\"justify\"><span style=\"font-size:medium;\"><b>Sabrina Ley<\/b><\/span><span style=\"font-size:medium;\"> \u2013 Elsin Smakic 1:0<\/span><\/p>\n<p align=\"justify\"><span style=\"font-size:medium;\">Norbert Niechoj \u2013 <\/span><span style=\"font-size:medium;\"><b>Frank Karzinowski<\/b><\/span><span style=\"font-size:medium;\"> 0:1<\/span><\/p>\n<p align=\"justify\"><span style=\"font-size:medium;\"><b>Joshua Lenz<\/b><\/span><span style=\"font-size:medium;\"> \u2013 Alwin Lenz 1:0<\/span><\/p>\n<p align=\"justify\">\n<p align=\"justify\"><span style=\"font-size:medium;\">Joshua Lenz als j\u00fcngster Teilnehmer lie\u00df es sich nicht nehmen, seinem Papa den ganzen Punkt abzunehmen. Die anderen Partien gingen recht z\u00fcgig zu Ende, nur Titelverteidiger Peter Ley musste in die Verl\u00e4ngerung, wo er Peter Schreieck mit einem 3:0 im Blitzen aber keine Chance einr\u00e4umte.<\/span><\/p>\n<p align=\"justify\">\n<p align=\"justify\"><span style=\"font-size:medium;\"><b>2. Runde<\/b><\/span><\/p>\n<p align=\"justify\"><span style=\"font-size:medium;\">Joshua Lenz \u2013 <\/span><span style=\"font-size:medium;\"><b>Peter Ley<\/b><\/span><span style=\"font-size:medium;\"> 0:1<\/span><\/p>\n<p align=\"justify\"><span style=\"font-size:medium;\"><b>Sabrina Ley<\/b><\/span><span style=\"font-size:medium;\"> \u2013 Lars Wei\u00dfenfels 1:0<\/span><\/p>\n<p align=\"justify\"><span style=\"font-size:medium;\"><b>Ralf Teichgr\u00e4ber<\/b><\/span><span style=\"font-size:medium;\"> \u2013 Frank Karzinowski +:-<\/span><\/p>\n<p align=\"justify\">\n<p align=\"justify\"><span style=\"font-size:medium;\">Peter Ley konnte in einer vorgezogenen Partie gegen einen sichtlich erm\u00fcdeten Joshua Lenz gewinnen, f\u00fcr den Partien nach 20.00 Uhr wohl noch etwas zu sp\u00e4t sind. Dennoch war mein Eindruck, dass Joshua bereits viele gute Ideen in seiner Spielanlage hat, weiter so! Sabrina Ley lies gegen Lars Wei\u00dfenfels nichts anbrennen, und Frank Karzinowski konnte wegen einer Erk\u00e4ltung (gute Besserung von hier aus) nicht antreten.<\/span><\/p>\n<p align=\"justify\">\n<p align=\"justify\"><span style=\"font-size:medium;\"><b>3. Runde<\/b><\/span><\/p>\n<p align=\"justify\"><span style=\"font-size:medium;\">Peter Ley \u2013 <\/span><span style=\"font-size:medium;\"><b>Ralf Teichgr\u00e4ber<\/b><\/span><span style=\"font-size:medium;\"> 0:1<\/span><\/p>\n<p align=\"justify\"><span style=\"font-size:medium;\">Freilos Sabrina Ley, die damit ins Endspiel einzieht.<\/span><\/p>\n<p align=\"justify\">\n<p align=\"justify\"><span style=\"font-size:medium;\"><b>Endspiel<\/b><\/span><\/p>\n<p align=\"justify\"><span style=\"font-size:medium;\"><b>Ralf Teichgr\u00e4ber<\/b><\/span><span style=\"font-size:medium;\"> \u2013 Sabrina Ley r 3:1 Blitz<\/span><\/p>\n<p align=\"justify\">\n<p align=\"justify\"><span style=\"font-size:medium;\">Herzlichen Gl\u00fcckwunsch an Ralf Teichgr\u00e4ber, der nach 2013 zum zweiten Mal den Vereinspokal gewinnt. F\u00fcr Sabrina Ley war es das zweite Endspiel in Folge, vielleicht klappt es ja im n\u00e4chsten Jahr.<\/span><\/p>\n","protected":false},"excerpt":{"rendered":"<p>Mit 12 Teilnehmer\/innen an dieser Veranstaltung sind in diesem Jahr immerhin drei mehr zu verzeichnen als zuletzt. Die H\u00e4lfte davon sind Jugendliche, ein sehr erfreulicher Trend nach einigen mageren Jahren.<\/p>\n","protected":false},"author":2,"featured_media":0,"comment_status":"open","ping_status":"open","sticky":false,"template":"","format":"standard","meta":{"footnotes":""},"categories":[10],"tags":[75],"_links":{"self":[{"href":"https:\/\/turm-lahnstein.de\/index.php?rest_route=\/wp\/v2\/posts\/1757"}],"collection":[{"href":"https:\/\/turm-lahnstein.de\/index.php?rest_route=\/wp\/v2\/posts"}],"about":[{"href":"https:\/\/turm-lahnstein.de\/index.php?rest_route=\/wp\/v2\/types\/post"}],"author":[{"embeddable":true,"href":"https:\/\/turm-lahnstein.de\/index.php?rest_route=\/wp\/v2\/users\/2"}],"replies":[{"embeddable":true,"href":"https:\/\/turm-lahnstein.de\/index.php?rest_route=%2Fwp%2Fv2%2Fcomments&post=1757"}],"version-history":[{"count":0,"href":"https:\/\/turm-lahnstein.de\/index.php?rest_route=\/wp\/v2\/posts\/1757\/revisions"}],"wp:attachment":[{"href":"https:\/\/turm-lahnstein.de\/index.php?rest_route=%2Fwp%2Fv2%2Fmedia&parent=1757"}],"wp:term":[{"taxonomy":"category","embeddable":true,"href":"https:\/\/turm-lahnstein.de\/index.php?rest_route=%2Fwp%2Fv2%2Fcategories&post=1757"},{"taxonomy":"post_tag","embeddable":true,"href":"https:\/\/turm-lahnstein.de\/index.php?rest_route=%2Fwp%2Fv2%2Ftags&post=1757"}],"curies":[{"name":"wp","href":"https:\/\/api.w.org\/{rel}","templated":true}]}}