{"id":1715,"date":"2015-12-01T20:43:01","date_gmt":"2015-12-01T20:43:01","guid":{"rendered":"https:\/\/turmlahnstein.wordpress.com\/?p=1715"},"modified":"2015-12-01T20:43:01","modified_gmt":"2015-12-01T20:43:01","slug":"daehnepokal-halbfinale","status":"publish","type":"post","link":"https:\/\/turm-lahnstein.de\/?p=1715","title":{"rendered":"D\u00e4hnepokal Halbfinale"},"content":{"rendered":"<p>Im Halbfinale gab es 2 x das Duell Pieroth gegen Lahnstein. <!--more-->Friedhelm Schneider spielte gegen G\u00fcnter R\u00f6hrig remis und konnte sich dann im Blitzen 2-0 durchsetzen. Peter Schreiecks Partie war hart umk\u00e4mpft und endete nach fast 6 Stunden ebenfalls Remis. Im Blitzen setzte sich Peter gegen Thomas Herzog, ebenfalls wieder knapp, mit 2-1 durch. Das Endspiel wird also ein reines Heimspiel f\u00fcr den SV Turm. Wir gratulieren den Finalisten.<\/p>\n","protected":false},"excerpt":{"rendered":"<p>Im Halbfinale gab es 2 x das Duell Pieroth gegen Lahnstein.<\/p>\n","protected":false},"author":4,"featured_media":0,"comment_status":"open","ping_status":"open","sticky":false,"template":"","format":"standard","meta":{"footnotes":""},"categories":[1],"tags":[],"_links":{"self":[{"href":"https:\/\/turm-lahnstein.de\/index.php?rest_route=\/wp\/v2\/posts\/1715"}],"collection":[{"href":"https:\/\/turm-lahnstein.de\/index.php?rest_route=\/wp\/v2\/posts"}],"about":[{"href":"https:\/\/turm-lahnstein.de\/index.php?rest_route=\/wp\/v2\/types\/post"}],"author":[{"embeddable":true,"href":"https:\/\/turm-lahnstein.de\/index.php?rest_route=\/wp\/v2\/users\/4"}],"replies":[{"embeddable":true,"href":"https:\/\/turm-lahnstein.de\/index.php?rest_route=%2Fwp%2Fv2%2Fcomments&post=1715"}],"version-history":[{"count":0,"href":"https:\/\/turm-lahnstein.de\/index.php?rest_route=\/wp\/v2\/posts\/1715\/revisions"}],"wp:attachment":[{"href":"https:\/\/turm-lahnstein.de\/index.php?rest_route=%2Fwp%2Fv2%2Fmedia&parent=1715"}],"wp:term":[{"taxonomy":"category","embeddable":true,"href":"https:\/\/turm-lahnstein.de\/index.php?rest_route=%2Fwp%2Fv2%2Fcategories&post=1715"},{"taxonomy":"post_tag","embeddable":true,"href":"https:\/\/turm-lahnstein.de\/index.php?rest_route=%2Fwp%2Fv2%2Ftags&post=1715"}],"curies":[{"name":"wp","href":"https:\/\/api.w.org\/{rel}","templated":true}]}}