{"id":1703,"date":"2015-11-26T17:41:09","date_gmt":"2015-11-26T17:41:09","guid":{"rendered":"https:\/\/turmlahnstein.wordpress.com\/?p=1703"},"modified":"2015-11-26T17:41:09","modified_gmt":"2015-11-26T17:41:09","slug":"pressebericht-erfreulicher-turnierverlauf-fuer-lahnsteins-zweite","status":"publish","type":"post","link":"https:\/\/turm-lahnstein.de\/?p=1703","title":{"rendered":"Pressebericht: Erfreulicher Turnierverlauf f\u00fcr Lahnsteins Zweite"},"content":{"rendered":"<p><img loading=\"lazy\" decoding=\"async\" class=\"alignright size-full wp-image-68\" src=\"https:\/\/turmlahnstein.files.wordpress.com\/2012\/09\/friedhelm_col.jpg\" alt=\"friedhelm_col\" width=\"254\" height=\"248\" \/>Ihren bisher positiven Saisonverlauf best\u00e4tigte die zweite Mannschaft des Schachvereins Turm Lahnstein in der j\u00fcngsten Runde der Rheinland-Liga. Mit einem 5 : 3 Sieg gegen den VfR Koblenz II wurde an die beiden siegreichen Runden zu Beginn des Spieljahres angekn\u00fcpft, denen bisher nur eine Niederlage beim Tabellenf\u00fchrer Rheinbreitbach\/Linz gegen\u00fcbersteht.<!--more--><\/p>\n<p>&nbsp;<\/p>\n<p>Im Lokalderby gegen die Koblenzer Nachbarn sorgte Norbert Niechoj f\u00fcr eine fr\u00fche F\u00fchrung. Remispartien durch Florian Auras, Hans-Joachim Will und Friedhelm Schneider schlossen sich an. Auch in den \u00fcbrigen noch laufenden Partien konnte man optimistisch dem weiteren Verlauf entgegenblicken. So verdichteten Gerhard Reznik und Peter Schreieck ihre leichten Vorteile zum Sieg, w\u00e4hrend Werner Sonnhoff sich mit einem Mehrbauern schlie\u00dflich mit Remis zufrieden geben musste. Die Verlustpartie von Michael Sefeloge gef\u00e4hrdete den mit 5 : 3 sicher ausfallenden Gesamtsieg nicht mehr.<\/p>\n","protected":false},"excerpt":{"rendered":"<p>Ihren bisher positiven Saisonverlauf best\u00e4tigte die zweite Mannschaft des Schachvereins Turm Lahnstein in der j\u00fcngsten Runde der Rheinland-Liga. Mit einem 5 : 3 Sieg gegen den VfR Koblenz II wurde [&hellip;]<\/p>\n","protected":false},"author":4,"featured_media":0,"comment_status":"open","ping_status":"open","sticky":false,"template":"","format":"standard","meta":{"footnotes":""},"categories":[11,24,26],"tags":[],"_links":{"self":[{"href":"https:\/\/turm-lahnstein.de\/index.php?rest_route=\/wp\/v2\/posts\/1703"}],"collection":[{"href":"https:\/\/turm-lahnstein.de\/index.php?rest_route=\/wp\/v2\/posts"}],"about":[{"href":"https:\/\/turm-lahnstein.de\/index.php?rest_route=\/wp\/v2\/types\/post"}],"author":[{"embeddable":true,"href":"https:\/\/turm-lahnstein.de\/index.php?rest_route=\/wp\/v2\/users\/4"}],"replies":[{"embeddable":true,"href":"https:\/\/turm-lahnstein.de\/index.php?rest_route=%2Fwp%2Fv2%2Fcomments&post=1703"}],"version-history":[{"count":0,"href":"https:\/\/turm-lahnstein.de\/index.php?rest_route=\/wp\/v2\/posts\/1703\/revisions"}],"wp:attachment":[{"href":"https:\/\/turm-lahnstein.de\/index.php?rest_route=%2Fwp%2Fv2%2Fmedia&parent=1703"}],"wp:term":[{"taxonomy":"category","embeddable":true,"href":"https:\/\/turm-lahnstein.de\/index.php?rest_route=%2Fwp%2Fv2%2Fcategories&post=1703"},{"taxonomy":"post_tag","embeddable":true,"href":"https:\/\/turm-lahnstein.de\/index.php?rest_route=%2Fwp%2Fv2%2Ftags&post=1703"}],"curies":[{"name":"wp","href":"https:\/\/api.w.org\/{rel}","templated":true}]}}