{"id":1699,"date":"2015-11-19T18:54:03","date_gmt":"2015-11-19T18:54:03","guid":{"rendered":"https:\/\/turmlahnstein.wordpress.com\/?p=1699"},"modified":"2015-11-19T18:54:03","modified_gmt":"2015-11-19T18:54:03","slug":"pressebericht-ambitionierter-ex-bundesligist-zu-gast-in-lahnstein","status":"publish","type":"post","link":"https:\/\/turm-lahnstein.de\/?p=1699","title":{"rendered":"Pressebericht: Ambitionierter Ex-Bundesligist zu Gast in Lahnstein"},"content":{"rendered":"<p><img loading=\"lazy\" decoding=\"async\" class=\"alignright size-full wp-image-68\" src=\"https:\/\/turmlahnstein.files.wordpress.com\/2012\/09\/friedhelm_col.jpg\" alt=\"friedhelm_col\" width=\"254\" height=\"248\" \/>In der aktuellen Runde der 2. Rheinland-Pfalz-Liga traf der Schachverein Turm Lahnstein auf die erste Mannschaft des ehemaligen Erst-Bundesligisten SC Remagen.<!--more--> Nach dem Sturz aus den Oberh\u00e4usern des Mannschaftsspielbetriebs zeigt Remagen in diesem Spieljahr mit zwei Internationalen Gro\u00dfmeistern und einem internationalen Meister, dass man wieder hungrig auf die oberen Klassen ist. Zumindest an den vorderen Brettern kann die Mannschaft locker zwei Klassen h\u00f6her spielen, was leidvoll auch die Lahnsteiner feststellen mussten. Egor Dranischnikow, Dennis Sanner und Bujar Murati mussten gegen ihre internationale Gegnerschaft Niederlagen hinnehmen. Ralf Teichgr\u00e4ber k\u00e4mpfte zum wiederholten Male fast \u00fcber die maximale Spielzeit, musste sich aber letzten Endes wie Sabrina Ley, Julian Voss und Stephan B\u00fcchner mit einem Remis begn\u00fcgen. Da auch J\u00f6rg Kap leer ausging, stand am Ende eine deutliche 2 : 6 Niederlage f\u00fcr die Rhein-Lahn-St\u00e4dter.<\/p>\n<p>&nbsp;<\/p>\n<p>Die III. Mannschaft des Vereins glich mit einem 3 : 1 Sieg gegen Boppard-Bad Salzig II ihr Punktekonto in der B-Klasse Rhein-Nahe aus. Dabei gelang es Niklas Herbel, seinen h\u00f6her eingesch\u00e4tzten erfahrenen Gegner zu bezwingen. Auch Lars Wei\u00dfenfels und Ismail Smakic gewannen ihre Partien. Lediglich Elsin Smakic musste sich diesmal geschlagen bekennen.<\/p>\n<p>&nbsp;<\/p>\n<p>&nbsp;<\/p>\n<p>&nbsp;<\/p>\n<p>&nbsp;<\/p>\n<p>&nbsp;<\/p>\n<p>&nbsp;<\/p>\n<p>&nbsp;<\/p>\n","protected":false},"excerpt":{"rendered":"<p>In der aktuellen Runde der 2. Rheinland-Pfalz-Liga traf der Schachverein Turm Lahnstein auf die erste Mannschaft des ehemaligen Erst-Bundesligisten SC Remagen.<\/p>\n","protected":false},"author":4,"featured_media":0,"comment_status":"open","ping_status":"open","sticky":false,"template":"","format":"standard","meta":{"footnotes":""},"categories":[214,5,11],"tags":[],"_links":{"self":[{"href":"https:\/\/turm-lahnstein.de\/index.php?rest_route=\/wp\/v2\/posts\/1699"}],"collection":[{"href":"https:\/\/turm-lahnstein.de\/index.php?rest_route=\/wp\/v2\/posts"}],"about":[{"href":"https:\/\/turm-lahnstein.de\/index.php?rest_route=\/wp\/v2\/types\/post"}],"author":[{"embeddable":true,"href":"https:\/\/turm-lahnstein.de\/index.php?rest_route=\/wp\/v2\/users\/4"}],"replies":[{"embeddable":true,"href":"https:\/\/turm-lahnstein.de\/index.php?rest_route=%2Fwp%2Fv2%2Fcomments&post=1699"}],"version-history":[{"count":0,"href":"https:\/\/turm-lahnstein.de\/index.php?rest_route=\/wp\/v2\/posts\/1699\/revisions"}],"wp:attachment":[{"href":"https:\/\/turm-lahnstein.de\/index.php?rest_route=%2Fwp%2Fv2%2Fmedia&parent=1699"}],"wp:term":[{"taxonomy":"category","embeddable":true,"href":"https:\/\/turm-lahnstein.de\/index.php?rest_route=%2Fwp%2Fv2%2Fcategories&post=1699"},{"taxonomy":"post_tag","embeddable":true,"href":"https:\/\/turm-lahnstein.de\/index.php?rest_route=%2Fwp%2Fv2%2Ftags&post=1699"}],"curies":[{"name":"wp","href":"https:\/\/api.w.org\/{rel}","templated":true}]}}