{"id":1683,"date":"2015-11-16T21:24:06","date_gmt":"2015-11-16T21:24:06","guid":{"rendered":"https:\/\/turmlahnstein.wordpress.com\/?p=1683"},"modified":"2015-11-16T21:24:06","modified_gmt":"2015-11-16T21:24:06","slug":"koblenzer-schulschachmeisterschaft-2015","status":"publish","type":"post","link":"https:\/\/turm-lahnstein.de\/?p=1683","title":{"rendered":"Koblenzer Schulschachmeisterschaft 2015"},"content":{"rendered":"<p><img loading=\"lazy\" decoding=\"async\" class=\"alignleft size-medium wp-image-1685\" src=\"https:\/\/turm-lahnstein.de\/wp-content\/uploads\/2015\/11\/20151115_165127.jpg?w=300\" alt=\"20151115_165127\" width=\"300\" height=\"169\" srcset=\"https:\/\/turm-lahnstein.de\/wp-content\/uploads\/2015\/11\/20151115_165127.jpg 400w, https:\/\/turm-lahnstein.de\/wp-content\/uploads\/2015\/11\/20151115_165127-300x169.jpg 300w\" sizes=\"(max-width: 300px) 100vw, 300px\" \/>Wie\u00a0im Jahr\u00a02014 fand das Turnier der Koblenzer Schulen in der Hauptverantwortung von Heinz Ningel und den G\u00fclsern Schachfreunden gut organisiert statt. Wieder mit einer Teilnehmerzahl von \u00fcber 80 Kindern, nicht nur aus Koblenzern Schulen.<!--more--><\/p>\n<p>Die Sch\u00fcler wurden in 3 Gruppen gewertet. Grundschule (1.-4.Klasse), Orientierungsstufe (5.-6.) und Mittel-\/Oberstufe (7.-13.). Aus unserem Verein spielten 14 Jugendliche mit, wobei hier ja neben der Einzelwertung auch die ersten zur Mannschaftswertung der jeweiligen Schule gerechnet wurden. Auf dem Foto dann auch alle T\u00fcrmler und Spieler von Lahnsteiner Schulen. Wir w\u00fcrden uns freuen den einen oder anderen mal beim Training begr\u00fc\u00dfen zu d\u00fcrfen. Im Einzel hatten wir neben vielen verpassten Chancen, dann doch eine Medaillen durch Tomislav. Er wurde 3. in der sehr starken Orientierungsstufe. Die Lahnsteiner waren vor allem sehr gut bei den Mannschaftsergebnissen. In der Orientierungsstufe holte das MDG mit knappem Vorsprung den 1.Platz. 3. wurde hier das Johannesgymnasium. In der Mittel-und Oberstufe wurde das MDG Vizemeister.<\/p>\n<p>Von unserem Verein spielten mit:<\/p>\n<p>Franzika Herbel \u00a0\u00a0\u00a0\u00a0\u00a0\u00a0\u00a0\u00a0\u00a0\u00a0\u00a0\u00a0\u00a0\u00a0\u00a0\u00a0\u00a0\u00a0\u00a0\u00a0\u00a0\u00a0\u00a0\u00a0\u00a0\u00a0\u00a0\u00a0\u00a0\u00a0\u00a0\u00a0\u00a0 2 Punkte aus 5 Partien<\/p>\n<p>Luisa Liebminger\u00a0\u00a0\u00a0\u00a0\u00a0\u00a0\u00a0\u00a0\u00a0\u00a0\u00a0\u00a0\u00a0\u00a0\u00a0\u00a0\u00a0\u00a0\u00a0\u00a0\u00a0\u00a0\u00a0\u00a0\u00a0\u00a0\u00a0\u00a0\u00a0\u00a0\u00a0 2\/5<\/p>\n<p>Sipan Aycho\u00a0\u00a0\u00a0\u00a0\u00a0\u00a0\u00a0\u00a0\u00a0\u00a0\u00a0\u00a0\u00a0\u00a0\u00a0\u00a0\u00a0\u00a0\u00a0\u00a0\u00a0\u00a0\u00a0\u00a0\u00a0\u00a0\u00a0\u00a0\u00a0\u00a0\u00a0\u00a0\u00a0\u00a0\u00a0\u00a0\u00a0\u00a0\u00a0\u00a0 3\/5<\/p>\n<p>Ismail Smakic\u00a0\u00a0\u00a0\u00a0\u00a0\u00a0\u00a0\u00a0\u00a0\u00a0\u00a0\u00a0\u00a0\u00a0\u00a0\u00a0\u00a0\u00a0\u00a0\u00a0\u00a0\u00a0\u00a0\u00a0\u00a0\u00a0\u00a0\u00a0\u00a0\u00a0\u00a0\u00a0\u00a0\u00a0\u00a0\u00a0\u00a0\u00a0 3,5\/5<\/p>\n<p>Tim Kreidel\u00a0\u00a0\u00a0\u00a0\u00a0\u00a0\u00a0\u00a0\u00a0\u00a0\u00a0\u00a0\u00a0\u00a0\u00a0\u00a0\u00a0\u00a0\u00a0\u00a0\u00a0\u00a0\u00a0\u00a0\u00a0\u00a0\u00a0\u00a0\u00a0\u00a0\u00a0\u00a0\u00a0\u00a0\u00a0\u00a0\u00a0\u00a0\u00a0\u00a0\u00a0 1,5\/5<\/p>\n<p>Nils Kreidel\u00a0\u00a0\u00a0\u00a0\u00a0\u00a0\u00a0\u00a0\u00a0\u00a0\u00a0\u00a0\u00a0\u00a0\u00a0\u00a0\u00a0\u00a0\u00a0\u00a0\u00a0\u00a0\u00a0\u00a0\u00a0\u00a0\u00a0\u00a0\u00a0\u00a0\u00a0\u00a0\u00a0\u00a0\u00a0\u00a0\u00a0\u00a0\u00a0\u00a0\u00a0 2,5\/5<\/p>\n<p>Colin Klinkner\u00a0\u00a0\u00a0\u00a0\u00a0\u00a0\u00a0\u00a0\u00a0\u00a0\u00a0\u00a0\u00a0\u00a0\u00a0\u00a0\u00a0\u00a0\u00a0\u00a0\u00a0\u00a0\u00a0\u00a0\u00a0\u00a0\u00a0\u00a0\u00a0\u00a0\u00a0\u00a0\u00a0\u00a0\u00a0\u00a0\u00a0 3\/5<\/p>\n<p>Tomislav Vekic\u00a0\u00a0\u00a0\u00a0\u00a0\u00a0\u00a0\u00a0\u00a0\u00a0\u00a0\u00a0\u00a0\u00a0\u00a0\u00a0\u00a0\u00a0\u00a0\u00a0\u00a0\u00a0\u00a0\u00a0\u00a0\u00a0\u00a0\u00a0\u00a0\u00a0\u00a0\u00a0\u00a0\u00a0\u00a0\u00a0 4\/5<\/p>\n<p>Martin Walzer\u00a0\u00a0\u00a0\u00a0\u00a0\u00a0\u00a0\u00a0\u00a0\u00a0\u00a0\u00a0\u00a0\u00a0\u00a0\u00a0\u00a0\u00a0\u00a0\u00a0\u00a0\u00a0\u00a0\u00a0\u00a0\u00a0\u00a0\u00a0\u00a0\u00a0\u00a0\u00a0\u00a0\u00a0\u00a0\u00a0 2,5\/5<\/p>\n<p>Lars Wei\u00dfenfels\u00a0\u00a0\u00a0\u00a0\u00a0\u00a0\u00a0\u00a0\u00a0\u00a0\u00a0\u00a0\u00a0\u00a0\u00a0\u00a0\u00a0\u00a0\u00a0\u00a0\u00a0\u00a0\u00a0\u00a0\u00a0\u00a0\u00a0\u00a0\u00a0\u00a0\u00a0\u00a0\u00a0 2,5\/5<\/p>\n<p>Annika Liebminger\u00a0\u00a0\u00a0\u00a0\u00a0\u00a0\u00a0\u00a0\u00a0\u00a0\u00a0\u00a0\u00a0\u00a0\u00a0\u00a0\u00a0\u00a0\u00a0\u00a0\u00a0\u00a0\u00a0\u00a0\u00a0\u00a0\u00a0\u00a0 2\/5<\/p>\n<p>Elsin Smakic\u00a0\u00a0\u00a0\u00a0\u00a0\u00a0\u00a0\u00a0\u00a0\u00a0\u00a0\u00a0\u00a0\u00a0\u00a0\u00a0\u00a0\u00a0\u00a0\u00a0\u00a0\u00a0\u00a0\u00a0\u00a0\u00a0\u00a0\u00a0\u00a0\u00a0\u00a0\u00a0\u00a0\u00a0\u00a0\u00a0\u00a0\u00a0\u00a0\u00a0 4\/5<\/p>\n<p>Niklas Herbel \u00a0\u00a0\u00a0\u00a0\u00a0\u00a0\u00a0\u00a0\u00a0\u00a0\u00a0\u00a0\u00a0\u00a0\u00a0\u00a0\u00a0\u00a0\u00a0\u00a0\u00a0\u00a0\u00a0\u00a0\u00a0\u00a0\u00a0\u00a0\u00a0\u00a0\u00a0\u00a0\u00a0\u00a0\u00a0\u00a0\u00a0 3\/5<\/p>\n<p>Melvin Schmidt \u00a0\u00a0\u00a0\u00a0\u00a0\u00a0\u00a0\u00a0\u00a0\u00a0\u00a0\u00a0\u00a0\u00a0\u00a0\u00a0\u00a0\u00a0\u00a0\u00a0\u00a0\u00a0\u00a0\u00a0\u00a0\u00a0\u00a0\u00a0\u00a0\u00a0\u00a0\u00a0\u00a0 3\/5<\/p>\n<p>&nbsp;<\/p>\n<div id='gallery-1' class='gallery galleryid-1683 gallery-columns-3 gallery-size-thumbnail'><figure class='gallery-item'>\n\t\t\t<div class='gallery-icon portrait'>\n\t\t\t\t<a href='https:\/\/turm-lahnstein.de\/?attachment_id=1688'><img loading=\"lazy\" decoding=\"async\" width=\"150\" height=\"150\" src=\"https:\/\/turm-lahnstein.de\/wp-content\/uploads\/2015\/11\/20151115_175020-150x150.jpg\" class=\"attachment-thumbnail size-thumbnail\" alt=\"\" \/><\/a>\n\t\t\t<\/div><\/figure><figure class='gallery-item'>\n\t\t\t<div class='gallery-icon landscape'>\n\t\t\t\t<a href='https:\/\/turm-lahnstein.de\/?attachment_id=1687'><img loading=\"lazy\" decoding=\"async\" width=\"150\" height=\"150\" src=\"https:\/\/turm-lahnstein.de\/wp-content\/uploads\/2015\/11\/20151115_174522-150x150.jpg\" class=\"attachment-thumbnail size-thumbnail\" alt=\"\" \/><\/a>\n\t\t\t<\/div><\/figure><figure class='gallery-item'>\n\t\t\t<div class='gallery-icon landscape'>\n\t\t\t\t<a href='https:\/\/turm-lahnstein.de\/?attachment_id=1686'><img loading=\"lazy\" decoding=\"async\" width=\"150\" height=\"150\" src=\"https:\/\/turm-lahnstein.de\/wp-content\/uploads\/2015\/11\/20151115_171205-150x150.jpg\" class=\"attachment-thumbnail size-thumbnail\" alt=\"\" \/><\/a>\n\t\t\t<\/div><\/figure><figure class='gallery-item'>\n\t\t\t<div class='gallery-icon landscape'>\n\t\t\t\t<a href='https:\/\/turm-lahnstein.de\/?attachment_id=1685'><img loading=\"lazy\" decoding=\"async\" width=\"150\" height=\"150\" src=\"https:\/\/turm-lahnstein.de\/wp-content\/uploads\/2015\/11\/20151115_165127-150x150.jpg\" class=\"attachment-thumbnail size-thumbnail\" alt=\"\" \/><\/a>\n\t\t\t<\/div><\/figure>\n\t\t<\/div>\n\n","protected":false},"excerpt":{"rendered":"<p>Wie\u00a0im Jahr\u00a02014 fand das Turnier der Koblenzer Schulen in der Hauptverantwortung von Heinz Ningel und den G\u00fclsern Schachfreunden gut organisiert statt. Wieder mit einer Teilnehmerzahl von \u00fcber 80 Kindern, nicht [&hellip;]<\/p>\n","protected":false},"author":4,"featured_media":0,"comment_status":"open","ping_status":"open","sticky":false,"template":"","format":"standard","meta":{"footnotes":""},"categories":[1],"tags":[],"_links":{"self":[{"href":"https:\/\/turm-lahnstein.de\/index.php?rest_route=\/wp\/v2\/posts\/1683"}],"collection":[{"href":"https:\/\/turm-lahnstein.de\/index.php?rest_route=\/wp\/v2\/posts"}],"about":[{"href":"https:\/\/turm-lahnstein.de\/index.php?rest_route=\/wp\/v2\/types\/post"}],"author":[{"embeddable":true,"href":"https:\/\/turm-lahnstein.de\/index.php?rest_route=\/wp\/v2\/users\/4"}],"replies":[{"embeddable":true,"href":"https:\/\/turm-lahnstein.de\/index.php?rest_route=%2Fwp%2Fv2%2Fcomments&post=1683"}],"version-history":[{"count":0,"href":"https:\/\/turm-lahnstein.de\/index.php?rest_route=\/wp\/v2\/posts\/1683\/revisions"}],"wp:attachment":[{"href":"https:\/\/turm-lahnstein.de\/index.php?rest_route=%2Fwp%2Fv2%2Fmedia&parent=1683"}],"wp:term":[{"taxonomy":"category","embeddable":true,"href":"https:\/\/turm-lahnstein.de\/index.php?rest_route=%2Fwp%2Fv2%2Fcategories&post=1683"},{"taxonomy":"post_tag","embeddable":true,"href":"https:\/\/turm-lahnstein.de\/index.php?rest_route=%2Fwp%2Fv2%2Ftags&post=1683"}],"curies":[{"name":"wp","href":"https:\/\/api.w.org\/{rel}","templated":true}]}}