{"id":1677,"date":"2015-11-15T19:44:24","date_gmt":"2015-11-15T19:44:24","guid":{"rendered":"https:\/\/turmlahnstein.wordpress.com\/?p=1677"},"modified":"2015-11-15T19:44:24","modified_gmt":"2015-11-15T19:44:24","slug":"b-klasse-3-1-gegen-boppardbad-salzigwerlau","status":"publish","type":"post","link":"https:\/\/turm-lahnstein.de\/?p=1677","title":{"rendered":"B-Klasse: 3-1 gegen Boppard\/Bad Salzig\/Werlau"},"content":{"rendered":"<p>Einen verdienten Sieg feierte unsere 3. gegen die 2.Mannschaft der Spielgemeinschaft. Die G\u00e4ste waren gerade an den ersten beiden Brettern gut besetzt. Um so wichtiger, dass Ismail Smakic am 4.Brett einen Er\u00f6ffungsfehler seines Gegners ausnutzte und danach den Vorteil weiter bis zum Gewinn verwertete. Die restlichen Partien waren hart umk\u00e4mpft. <!--more-->Am ersten Brett musste Elsin Smakic sich nach ungenauen Z\u00fcgen dem Angriff des Gegners beugen, Zwischenstand 1-1. Niklas Herbel griff ebenfalls an, jedoch sah ich nicht wie es so richtig weiterging. Als der Gegner einen Figurentausch anstrebte, dachte ich OK den schl\u00e4gt man einfach zur\u00fcck. Niklas kam aber ins Gr\u00fcbeln und der Trainer bekam Angst. Was will er hier denn anderes ziehen? Manchmal sind die Sch\u00fcler dann aber schon einen Schritt voraus. Niklas packt einen sch\u00f6nen, auf den ersten Blick nicht klaren, Zwischenzug aus und gewinnt mehrz\u00fcgig eine Figur. Danach brennt nichts mehr an. Der Punkt gegen einen Gegner mit mehr als 400 DWZ war so nicht zu erwarten. Die spannenste Partie hatte dann Lars Wei\u00dfenfels. Er und seine jugendliche Gegnerin gingen mit heterogenen Rochaden und offenem Visier aufeinander los. Sie am K\u00f6nigsfl\u00fcgel, er in der Mitte. Als sie ihm dann unverst\u00e4ndlich im Zentrum entgegenkommt, kann er dies in deutlichen Materialvorteil und Punkt ausnutzen. Die 3. steht jetzt mit 4-4 Punkten im Mittelfeld der Tabelle.<\/p>\n","protected":false},"excerpt":{"rendered":"<p>Einen verdienten Sieg feierte unsere 3. gegen die 2.Mannschaft der Spielgemeinschaft. Die G\u00e4ste waren gerade an den ersten beiden Brettern gut besetzt. Um so wichtiger, dass Ismail Smakic am 4.Brett [&hellip;]<\/p>\n","protected":false},"author":4,"featured_media":0,"comment_status":"open","ping_status":"open","sticky":false,"template":"","format":"standard","meta":{"footnotes":""},"categories":[1],"tags":[],"_links":{"self":[{"href":"https:\/\/turm-lahnstein.de\/index.php?rest_route=\/wp\/v2\/posts\/1677"}],"collection":[{"href":"https:\/\/turm-lahnstein.de\/index.php?rest_route=\/wp\/v2\/posts"}],"about":[{"href":"https:\/\/turm-lahnstein.de\/index.php?rest_route=\/wp\/v2\/types\/post"}],"author":[{"embeddable":true,"href":"https:\/\/turm-lahnstein.de\/index.php?rest_route=\/wp\/v2\/users\/4"}],"replies":[{"embeddable":true,"href":"https:\/\/turm-lahnstein.de\/index.php?rest_route=%2Fwp%2Fv2%2Fcomments&post=1677"}],"version-history":[{"count":0,"href":"https:\/\/turm-lahnstein.de\/index.php?rest_route=\/wp\/v2\/posts\/1677\/revisions"}],"wp:attachment":[{"href":"https:\/\/turm-lahnstein.de\/index.php?rest_route=%2Fwp%2Fv2%2Fmedia&parent=1677"}],"wp:term":[{"taxonomy":"category","embeddable":true,"href":"https:\/\/turm-lahnstein.de\/index.php?rest_route=%2Fwp%2Fv2%2Fcategories&post=1677"},{"taxonomy":"post_tag","embeddable":true,"href":"https:\/\/turm-lahnstein.de\/index.php?rest_route=%2Fwp%2Fv2%2Ftags&post=1677"}],"curies":[{"name":"wp","href":"https:\/\/api.w.org\/{rel}","templated":true}]}}