{"id":163,"date":"2012-11-08T13:57:09","date_gmt":"2012-11-08T13:57:09","guid":{"rendered":"http:\/\/turmlahnstein.wordpress.com\/?p=163"},"modified":"2012-11-08T13:57:09","modified_gmt":"2012-11-08T13:57:09","slug":"erste-mannschaft-kommt-nicht-in-tritt","status":"publish","type":"post","link":"https:\/\/turm-lahnstein.de\/?p=163","title":{"rendered":"Erste Mannschaft kommt nicht in Tritt"},"content":{"rendered":"<p><img loading=\"lazy\" decoding=\"async\" class=\"alignright size-full wp-image-68\" title=\"friedhelm_col\" alt=\"\" src=\"https:\/\/turm-lahnstein.de\/wp-content\/uploads\/2012\/09\/friedhelm_col.jpg\" height=\"248\" width=\"254\" \/>Die erste Mannschaft des Schachvereins Turm Lahnstein hat sich im laufenden Spieljahr bisher noch nicht in Szene setzen k\u00f6nnen und muss sich in den folgenden Spielen vom Tabellenkeller absetzen. In der 1. Rheinland-Pfalz-Liga, der obersten Klasse des Schachbundes Rheinland-Pfalz, war in der dritten Runde der SK Altenkirchen zu Gast. Der Westerwaldverein, der durch Neuzug\u00e4nge seine Ambitionen nach oben deutlich machte, zeigte sich in bester Form und lie\u00df den Rhein-Lahn-St\u00e4dtern mit 6 : 2 keine Chance.<\/p>\n<p><!--more--><\/p>\n<p>Zu allem \u00dcberflu\u00df musste Lahnstein etwas ersatzgeschw\u00e4cht antreten und es fehlte durch ein Missverst\u00e4ndnis ein Spieler, so dass von Anfang an einem R\u00fcckstand hinterher gelaufen werden musste. Ralf Teichgr\u00e4ber gewann seine Partie und Achim Michels sowie Julian Voss erzielten je ein Remis, was dann allerdings auch die einzige Ausbeute blieb.<\/p>\n<p>Die Saison der Bezirksliga Rhein-Nahe, in der die III. Mannschaft des Vereins als Aufsteiger spielt, verspricht sehr spannend zu werden. Knappe Spielergebnisse sind an der Tagesordnung und so gab es in der dritten Runde f\u00fcr den SV Turm nach hartem Kampf wieder ein 4 : 4 Unentschieden. Gegen die SG Boppard-Bad Salzig blieb Gerhard Reznik alleiniger Sieger und in sechs Remispartien war es trotz des unentschiedenen Ausgangs alles andere als langweilig. Dr. Michael Buch, Kurt Sanner, Michael Sefeloge, Mathieu Voss, Alexander Dranischnikow und die zw\u00f6lfj\u00e4hrige Alina Usczeck holten damit je einen halben Punkt. Alle Mannschaften liegen weiter eng beisammen.<\/p>\n","protected":false},"excerpt":{"rendered":"<p>Die erste Mannschaft des Schachvereins Turm Lahnstein hat sich im laufenden Spieljahr bisher noch nicht in Szene setzen k\u00f6nnen und muss sich in den folgenden Spielen vom Tabellenkeller absetzen. In [&hellip;]<\/p>\n","protected":false},"author":2,"featured_media":0,"comment_status":"open","ping_status":"open","sticky":false,"template":"","format":"standard","meta":{"footnotes":""},"categories":[18,6,11],"tags":[71,72,73,76,75],"_links":{"self":[{"href":"https:\/\/turm-lahnstein.de\/index.php?rest_route=\/wp\/v2\/posts\/163"}],"collection":[{"href":"https:\/\/turm-lahnstein.de\/index.php?rest_route=\/wp\/v2\/posts"}],"about":[{"href":"https:\/\/turm-lahnstein.de\/index.php?rest_route=\/wp\/v2\/types\/post"}],"author":[{"embeddable":true,"href":"https:\/\/turm-lahnstein.de\/index.php?rest_route=\/wp\/v2\/users\/2"}],"replies":[{"embeddable":true,"href":"https:\/\/turm-lahnstein.de\/index.php?rest_route=%2Fwp%2Fv2%2Fcomments&post=163"}],"version-history":[{"count":0,"href":"https:\/\/turm-lahnstein.de\/index.php?rest_route=\/wp\/v2\/posts\/163\/revisions"}],"wp:attachment":[{"href":"https:\/\/turm-lahnstein.de\/index.php?rest_route=%2Fwp%2Fv2%2Fmedia&parent=163"}],"wp:term":[{"taxonomy":"category","embeddable":true,"href":"https:\/\/turm-lahnstein.de\/index.php?rest_route=%2Fwp%2Fv2%2Fcategories&post=163"},{"taxonomy":"post_tag","embeddable":true,"href":"https:\/\/turm-lahnstein.de\/index.php?rest_route=%2Fwp%2Fv2%2Ftags&post=163"}],"curies":[{"name":"wp","href":"https:\/\/api.w.org\/{rel}","templated":true}]}}