{"id":1586,"date":"2015-10-02T08:21:15","date_gmt":"2015-10-02T08:21:15","guid":{"rendered":"https:\/\/turmlahnstein.wordpress.com\/?p=1586"},"modified":"2015-10-02T08:21:15","modified_gmt":"2015-10-02T08:21:15","slug":"deutsche-laendermeisterschaft-startet","status":"publish","type":"post","link":"https:\/\/turm-lahnstein.de\/?p=1586","title":{"rendered":"Deutsche L\u00e4ndermeisterschaft startet"},"content":{"rendered":"<p>Die Deutsche L\u00e4ndermeisterschaft der Schachjugend beginnt heute mit der Er\u00f6ffnungsfeier.\u00a0Bei der DLM spielen je 8\u00a0Vertreter der Landesverb\u00e4nde gegeneinander. \u00a0Sabrina war die letzten Jahre h\u00e4ufig als Ersatz nominiert, kam aber leider nicht zum Zuge. <!--more--><\/p>\n<p>Dieses Jahr\u00a0darf sie\u00a0dabei sein und freut sich auf ihren Einsatz. Die Rheinlandpfalz-Mannschaft ist stark besetzt und sicher zu den Medaillenkandidaten zu rechnen. Am Samstag startet ab 08:30 die erste Runde. Die\u00a0vorderen Tische werden live \u00fcbertragen und wir hoffen die Rheinland-Pf\u00e4lzer dort zu sehen.<\/p>\n<p>&nbsp;<\/p>\n<p>Alle Infos auf <a href=\"http:\/\/www.deutsche-schachjugend.de\/2015\/dlm\/\">http:\/\/www.deutsche-schachjugend.de\/2015\/dlm\/<\/a><\/p>\n","protected":false},"excerpt":{"rendered":"<p>Die Deutsche L\u00e4ndermeisterschaft der Schachjugend beginnt heute mit der Er\u00f6ffnungsfeier.\u00a0Bei der DLM spielen je 8\u00a0Vertreter der Landesverb\u00e4nde gegeneinander. \u00a0Sabrina war die letzten Jahre h\u00e4ufig als Ersatz nominiert, kam aber leider [&hellip;]<\/p>\n","protected":false},"author":4,"featured_media":0,"comment_status":"open","ping_status":"open","sticky":false,"template":"","format":"standard","meta":{"footnotes":""},"categories":[150],"tags":[],"_links":{"self":[{"href":"https:\/\/turm-lahnstein.de\/index.php?rest_route=\/wp\/v2\/posts\/1586"}],"collection":[{"href":"https:\/\/turm-lahnstein.de\/index.php?rest_route=\/wp\/v2\/posts"}],"about":[{"href":"https:\/\/turm-lahnstein.de\/index.php?rest_route=\/wp\/v2\/types\/post"}],"author":[{"embeddable":true,"href":"https:\/\/turm-lahnstein.de\/index.php?rest_route=\/wp\/v2\/users\/4"}],"replies":[{"embeddable":true,"href":"https:\/\/turm-lahnstein.de\/index.php?rest_route=%2Fwp%2Fv2%2Fcomments&post=1586"}],"version-history":[{"count":0,"href":"https:\/\/turm-lahnstein.de\/index.php?rest_route=\/wp\/v2\/posts\/1586\/revisions"}],"wp:attachment":[{"href":"https:\/\/turm-lahnstein.de\/index.php?rest_route=%2Fwp%2Fv2%2Fmedia&parent=1586"}],"wp:term":[{"taxonomy":"category","embeddable":true,"href":"https:\/\/turm-lahnstein.de\/index.php?rest_route=%2Fwp%2Fv2%2Fcategories&post=1586"},{"taxonomy":"post_tag","embeddable":true,"href":"https:\/\/turm-lahnstein.de\/index.php?rest_route=%2Fwp%2Fv2%2Ftags&post=1586"}],"curies":[{"name":"wp","href":"https:\/\/api.w.org\/{rel}","templated":true}]}}