{"id":1563,"date":"2015-09-20T07:14:43","date_gmt":"2015-09-20T07:14:43","guid":{"rendered":"https:\/\/turmlahnstein.wordpress.com\/?p=1563"},"modified":"2015-09-20T07:14:43","modified_gmt":"2015-09-20T07:14:43","slug":"vereinspokal-2015","status":"publish","type":"post","link":"https:\/\/turm-lahnstein.de\/?p=1563","title":{"rendered":"Vereinspokal 2015"},"content":{"rendered":"<p><a href=\"https:\/\/turmlahnstein.files.wordpress.com\/2012\/09\/pokal.jpg\"><img loading=\"lazy\" decoding=\"async\" class=\"alignleft size-full wp-image-61\" src=\"https:\/\/turmlahnstein.files.wordpress.com\/2012\/09\/pokal.jpg\" alt=\"Pokal\" width=\"118\" height=\"235\" \/><\/a>Mit 12 Teilnehmer\/innen an dieser Veranstaltung sind in diesem Jahr immerhin drei mehr zu verzeichnen als zuletzt. Die H\u00e4lfte davon sind Jugendliche, ein sehr erfreulicher Trend nach einigen mageren Jahren.<\/p>\n<p>Bei der Auslosung agierte als Gl\u00fccksfee die 5 Jahre alte Johanna Lenz, die folgende Begegnungen aus dem Lostopf zog:<\/p>\n<p><!--more--><\/p>\n<ol>\n<li><strong> Runde \u00a0<\/strong><\/li>\n<\/ol>\n<p>Peter Schreieck \u2013 Peter Ley\u00a0\u00a0\u00a0\u00a0 r\u00a0\u00a0\u00a0\u00a0 0:3 Blitz<\/p>\n<p>Ismail Smakic \u2013 Lars Wei\u00dfenfels\u00a0\u00a0\u00a0\u00a0 0:1<\/p>\n<p>Tomislav Vekic \u2013 Ralf Teichgr\u00e4ber\u00a0\u00a0\u00a0\u00a0 0:1<\/p>\n<p>Sabrina Ley \u2013 Elsin Smakic\u00a0\u00a0 1:0<\/p>\n<p>Norbert Niechoj \u2013 Frank Karzinowski\u00a0\u00a0\u00a0\u00a0 0:1<\/p>\n<p>Joshua Lenz \u2013 Alwin Lenz\u00a0\u00a0\u00a0\u00a0 1:0<\/p>\n<p>Joshua Lenz als j\u00fcngster Teilnehmer lie\u00df es sich nicht nehmen, seinem Papa den ganzen Punkt abzunehmen. Die anderen Partien gingen recht z\u00fcgig zu Ende, nur Titelverteidiger Peter Ley musste in die Verl\u00e4ngerung, wo er Peter Schreieck mit einem 3:0 im Blitzen aber keine Chance einr\u00e4umte.<\/p>\n<p><strong>Auslosung 2. Runde<\/strong><\/p>\n<p>Joshua Lenz \u2013 Peter Ley<\/p>\n<p>Sabrina Ley \u2013 Lars Wei\u00dfenfels<\/p>\n<p>Ralf Teichgr\u00e4ber \u2013 Frank Karzinowski<\/p>\n<p>Stichtag f\u00fcr diese Runde ist der 16. Oktober 2015.<\/p>\n","protected":false},"excerpt":{"rendered":"<p>Mit 12 Teilnehmer\/innen an dieser Veranstaltung sind in diesem Jahr immerhin drei mehr zu verzeichnen als zuletzt. Die H\u00e4lfte davon sind Jugendliche, ein sehr erfreulicher Trend nach einigen mageren Jahren. [&hellip;]<\/p>\n","protected":false},"author":4,"featured_media":0,"comment_status":"open","ping_status":"open","sticky":false,"template":"","format":"standard","meta":{"footnotes":""},"categories":[1],"tags":[],"_links":{"self":[{"href":"https:\/\/turm-lahnstein.de\/index.php?rest_route=\/wp\/v2\/posts\/1563"}],"collection":[{"href":"https:\/\/turm-lahnstein.de\/index.php?rest_route=\/wp\/v2\/posts"}],"about":[{"href":"https:\/\/turm-lahnstein.de\/index.php?rest_route=\/wp\/v2\/types\/post"}],"author":[{"embeddable":true,"href":"https:\/\/turm-lahnstein.de\/index.php?rest_route=\/wp\/v2\/users\/4"}],"replies":[{"embeddable":true,"href":"https:\/\/turm-lahnstein.de\/index.php?rest_route=%2Fwp%2Fv2%2Fcomments&post=1563"}],"version-history":[{"count":0,"href":"https:\/\/turm-lahnstein.de\/index.php?rest_route=\/wp\/v2\/posts\/1563\/revisions"}],"wp:attachment":[{"href":"https:\/\/turm-lahnstein.de\/index.php?rest_route=%2Fwp%2Fv2%2Fmedia&parent=1563"}],"wp:term":[{"taxonomy":"category","embeddable":true,"href":"https:\/\/turm-lahnstein.de\/index.php?rest_route=%2Fwp%2Fv2%2Fcategories&post=1563"},{"taxonomy":"post_tag","embeddable":true,"href":"https:\/\/turm-lahnstein.de\/index.php?rest_route=%2Fwp%2Fv2%2Ftags&post=1563"}],"curies":[{"name":"wp","href":"https:\/\/api.w.org\/{rel}","templated":true}]}}