{"id":1516,"date":"2015-09-17T18:39:18","date_gmt":"2015-09-17T18:39:18","guid":{"rendered":"https:\/\/turmlahnstein.wordpress.com\/?p=1516"},"modified":"2015-09-17T18:39:18","modified_gmt":"2015-09-17T18:39:18","slug":"pressebericht-bezirksjugendmeisterschaft","status":"publish","type":"post","link":"https:\/\/turm-lahnstein.de\/?p=1516","title":{"rendered":"Pressebericht: Bezirksjugendmeisterschaft in der Waldjugendherberge Sargenroth"},"content":{"rendered":"<p><img loading=\"lazy\" decoding=\"async\" class=\"alignright size-full wp-image-68\" src=\"https:\/\/turmlahnstein.files.wordpress.com\/2012\/09\/friedhelm_col.jpg\" alt=\"friedhelm_col\" width=\"254\" height=\"248\" \/>Die Waldjugendherberge im Hunsr\u00fcckort Sargenroth war in diesem Jahr zum wiederholten Male Austragungsort der Bezirksjugendmeisterschaft des Schachbezirks Rhein- Nahe. Von insgesamt vierundf\u00fcnfzig Kindern und Jugendlichen stellte der Schachverein Turm Lahnstein sage und schreibe zwanzig, was die hervorgehobene Stellung des Vereins im Jugendspielbetrieb unterstreicht.<\/p>\n<p><!--more--><\/p>\n<p>Die Altersklassen U 18 und U 16 spielten mit insgesamt neunzehn Teilnehmerinnen und Teilnehmern ein gemeinsames Turnier, das wie in allen Altersklassen sieben Runden umfasste.\u00a0\u00a0 Bezirks-Jugendeinzelmeisterin bei den unter 16j\u00e4hrigen wurde Sabrina Ley mit 4,5 Punkten. Niklas Herbel belegte mit 3,5 Punkten einen Mittelfeldplatz.<\/p>\n<p>Im eng zusammenliegenden Teilnehmerfeld der U 14 mit dreizehn Teilnehmern belegten Lars Wei\u00dfenfels und Martin Walzer bei je 4,5 Punkten die Pl\u00e4tze drei und vier. Noel Bendel wurde mit vier Punkten Bezirksjugendeinzelmeisterin. Jonas Gro\u00df \u00fcberzeugte mit vier Punkten, w\u00e4hrend Elsin Smakic mit seinen 3,5 Z\u00e4hlern sicher nicht zufrieden war. Anika Liebminger holte 2,5 Punkte.<\/p>\n<p>Das gr\u00f6\u00dfte Teilnehmerfeld mit zweiundzwanzig bildeten die j\u00fcngsten Altersklassen U 12 und U 10. Tomislav Vekic sicherte sich mit hauchd\u00fcnnem Vorsprung vor Ismail Smakic (jeweils 5,5 Punkte) den Titel Bezirksjugendmeister U 12. Dritter wurde mit Colin Klinkner ebenfalls einer vom SV Turm. Mit geringem Punkteabstand tummelten sich Nils Kreidel, Robin Pluymakers, Tim Kreidel, Sipan Aycho und Lorenz M\u00fcller im Mittelfeld.<\/p>\n<p>Bei der U 10 wurde Joshua Lenz mit 4,5 Punkten Bezirksmeister und Jonathan Lenz erreichte einen dritten Platz. Den Erfolg komplettierte Franziska Herbel als M\u00e4dchenmeisterin dieser Klasse vor Johanna Lenz.<\/p>\n","protected":false},"excerpt":{"rendered":"<p>Die Waldjugendherberge im Hunsr\u00fcckort Sargenroth war in diesem Jahr zum wiederholten Male Austragungsort der Bezirksjugendmeisterschaft des Schachbezirks Rhein- Nahe. Von insgesamt vierundf\u00fcnfzig Kindern und Jugendlichen stellte der Schachverein Turm Lahnstein [&hellip;]<\/p>\n","protected":false},"author":4,"featured_media":0,"comment_status":"open","ping_status":"open","sticky":false,"template":"","format":"standard","meta":{"footnotes":""},"categories":[11],"tags":[],"_links":{"self":[{"href":"https:\/\/turm-lahnstein.de\/index.php?rest_route=\/wp\/v2\/posts\/1516"}],"collection":[{"href":"https:\/\/turm-lahnstein.de\/index.php?rest_route=\/wp\/v2\/posts"}],"about":[{"href":"https:\/\/turm-lahnstein.de\/index.php?rest_route=\/wp\/v2\/types\/post"}],"author":[{"embeddable":true,"href":"https:\/\/turm-lahnstein.de\/index.php?rest_route=\/wp\/v2\/users\/4"}],"replies":[{"embeddable":true,"href":"https:\/\/turm-lahnstein.de\/index.php?rest_route=%2Fwp%2Fv2%2Fcomments&post=1516"}],"version-history":[{"count":0,"href":"https:\/\/turm-lahnstein.de\/index.php?rest_route=\/wp\/v2\/posts\/1516\/revisions"}],"wp:attachment":[{"href":"https:\/\/turm-lahnstein.de\/index.php?rest_route=%2Fwp%2Fv2%2Fmedia&parent=1516"}],"wp:term":[{"taxonomy":"category","embeddable":true,"href":"https:\/\/turm-lahnstein.de\/index.php?rest_route=%2Fwp%2Fv2%2Fcategories&post=1516"},{"taxonomy":"post_tag","embeddable":true,"href":"https:\/\/turm-lahnstein.de\/index.php?rest_route=%2Fwp%2Fv2%2Ftags&post=1516"}],"curies":[{"name":"wp","href":"https:\/\/api.w.org\/{rel}","templated":true}]}}