{"id":1493,"date":"2015-09-06T18:08:31","date_gmt":"2015-09-06T18:08:31","guid":{"rendered":"https:\/\/turmlahnstein.wordpress.com\/?p=1493"},"modified":"2015-09-06T18:08:31","modified_gmt":"2015-09-06T18:08:31","slug":"ausschreibung-rhein-lahn-open-2015","status":"publish","type":"post","link":"https:\/\/turm-lahnstein.de\/?p=1493","title":{"rendered":"Ausschreibung Rhein-Lahn-Open 2015"},"content":{"rendered":"<p><b>Einladung zum R H E I N \u2013 L A H N \u2013 J U G E N D \u2013 O P E N <\/b><\/p>\n<p><b>am Samstag, 07. November 2015 14.00 Uhr (Meldeschluss 13.30 Uhr)<\/b><\/p>\n<p><b>in der Mensa des Schulzentrums Lahnstein <\/b><!--more--><\/p>\n<p><b>(Marion D\u00f6nhoff Gymnasium\/Realschule Oberheckerweg, 56112 Lahnstein)<\/b><\/p>\n<p>Das Schnellschachturnier des SV Turm Lahnstein ist offen f\u00fcr alle Jungen und M\u00e4dchen.<\/p>\n<p>Gespielt werden 7 Runden a 15 Minuten Bedenkzeit pro Spieler und Partie.<\/p>\n<p>Altersklassen U18 Jahrg\u00e4nge 1998, 99<\/p>\n<p>U 16\u00a0\u00a0\u00a0\u00a0\u00a0\u00a0\u00a0\u00a0\u00a0\u00a0\u00a0\u00a0\u00a0\u00a0\u00a0\u00a0 2000, 2001<\/p>\n<p>U 14\u00a0\u00a0\u00a0\u00a0\u00a0\u00a0\u00a0\u00a0\u00a0\u00a0\u00a0\u00a0\u00a0\u00a0\u00a0\u00a0 2002, 03<\/p>\n<p>U 12\u00a0\u00a0\u00a0\u00a0\u00a0\u00a0\u00a0\u00a0\u00a0\u00a0\u00a0\u00a0\u00a0\u00a0\u00a0\u00a0 2004, 05<\/p>\n<p>U 10\u00a0\u00a0\u00a0\u00a0\u00a0\u00a0\u00a0\u00a0\u00a0\u00a0\u00a0\u00a0\u00a0\u00a0\u00a0\u00a0 2006, 07<\/p>\n<p>U 8\u00a0\u00a0\u00a0\u00a0\u00a0\u00a0\u00a0\u00a0\u00a0\u00a0\u00a0\u00a0\u00a0\u00a0\u00a0\u00a0\u00a0\u00a0 2008 u. j\u00fcnger<\/p>\n<p>Neben den in Vereinen aktiven Jugendlichen richtet sich unser Turnier auch an Kinder und Jugendliche, die nicht in einem Verein, sondern \u201enur f\u00fcr den Hausgebrauch\u201c oder z. B. in einer Schulschach-AG spielen. Es erfolgt getrennte Wertung f\u00fcr alle Klassen. Jeder Teilnehmer erh\u00e4lt einen Sachpreis und eine Urkunde. Der Sieger jeder Altersklasse und der bestplatzierte nicht vereinsangeh\u00f6rige Jugendliche erhalten je einen Siegerpokal. F\u00fcr den zweiten und dritten jeder Altersklasse und der nicht vereinsangeh\u00f6rigen Jugendlichen gibt es je eine Siegermedaille.<\/p>\n<p>Es wird ein Startgeld von 5,- \u20ac pro Teilnehmer am Turniertag in bar erhoben.<\/p>\n<p>Verpflegung wird nat\u00fcrlich zu jugendgerechten Preisen angeboten.<\/p>\n<p>Ausk\u00fcnfte und Anmeldungen bei Peter Ley, Email <span style=\"color:#000080;\"><span lang=\"zxx\"><span style=\"text-decoration:underline;\"><a href=\"mailto:rlo@turm-lahnstein.de\">rlo@turm-lahnstein.de<\/a>, <\/span><\/span><\/span><\/p>\n<p>Damit wir p\u00fcnktlich beginnen k\u00f6nnen, bitten wir alle \u2013 auch die vorangemeldeten &#8211; Spieler bis<\/p>\n<p><b>13.30 Uhr<\/b> anwesend zu sein \u2013 Danke!<\/p>\n<p>Wir sehen uns am 07 . November 2015!<\/p>\n<p><b>SCHACHVEREIN TURM LAHNSTEIN 1979 e.V.<\/b><\/p>\n","protected":false},"excerpt":{"rendered":"<p>Einladung zum R H E I N \u2013 L A H N \u2013 J U G E N D \u2013 O P E N am Samstag, 07. November 2015 14.00 [&hellip;]<\/p>\n","protected":false},"author":2,"featured_media":0,"comment_status":"open","ping_status":"open","sticky":false,"template":"","format":"standard","meta":{"footnotes":""},"categories":[1],"tags":[],"_links":{"self":[{"href":"https:\/\/turm-lahnstein.de\/index.php?rest_route=\/wp\/v2\/posts\/1493"}],"collection":[{"href":"https:\/\/turm-lahnstein.de\/index.php?rest_route=\/wp\/v2\/posts"}],"about":[{"href":"https:\/\/turm-lahnstein.de\/index.php?rest_route=\/wp\/v2\/types\/post"}],"author":[{"embeddable":true,"href":"https:\/\/turm-lahnstein.de\/index.php?rest_route=\/wp\/v2\/users\/2"}],"replies":[{"embeddable":true,"href":"https:\/\/turm-lahnstein.de\/index.php?rest_route=%2Fwp%2Fv2%2Fcomments&post=1493"}],"version-history":[{"count":0,"href":"https:\/\/turm-lahnstein.de\/index.php?rest_route=\/wp\/v2\/posts\/1493\/revisions"}],"wp:attachment":[{"href":"https:\/\/turm-lahnstein.de\/index.php?rest_route=%2Fwp%2Fv2%2Fmedia&parent=1493"}],"wp:term":[{"taxonomy":"category","embeddable":true,"href":"https:\/\/turm-lahnstein.de\/index.php?rest_route=%2Fwp%2Fv2%2Fcategories&post=1493"},{"taxonomy":"post_tag","embeddable":true,"href":"https:\/\/turm-lahnstein.de\/index.php?rest_route=%2Fwp%2Fv2%2Ftags&post=1493"}],"curies":[{"name":"wp","href":"https:\/\/api.w.org\/{rel}","templated":true}]}}