{"id":1425,"date":"2015-07-05T10:35:50","date_gmt":"2015-07-05T10:35:50","guid":{"rendered":"https:\/\/turmlahnstein.wordpress.com\/?p=1425"},"modified":"2015-07-05T10:35:50","modified_gmt":"2015-07-05T10:35:50","slug":"kinder-jugend-und-vereinstag-am-27-6","status":"publish","type":"post","link":"https:\/\/turm-lahnstein.de\/?p=1425","title":{"rendered":"Kinder-, Jugend- und Vereinstag am 27.6."},"content":{"rendered":"<div><a href=\"https:\/\/turm-lahnstein.de\/wp-content\/uploads\/2015\/07\/mg_7662b.jpg\"><img loading=\"lazy\" decoding=\"async\" class=\"alignright size-medium wp-image-1427\" src=\"https:\/\/turm-lahnstein.de\/wp-content\/uploads\/2015\/07\/mg_7662b.jpg?w=300\" alt=\"_MG_7662b\" width=\"300\" height=\"200\" srcset=\"https:\/\/turm-lahnstein.de\/wp-content\/uploads\/2015\/07\/mg_7662b.jpg 800w, https:\/\/turm-lahnstein.de\/wp-content\/uploads\/2015\/07\/mg_7662b-300x200.jpg 300w, https:\/\/turm-lahnstein.de\/wp-content\/uploads\/2015\/07\/mg_7662b-768x512.jpg 768w\" sizes=\"(max-width: 300px) 100vw, 300px\" \/><\/a>Im\u00a0und um das Jugend- und Kulturzentrum sowie dem Bereich der oberen Fr\u00fchmesserstra\u00dfe am Kindergarten hatte die Stadt Lahnstein alle Vereine und\u00a0Verb\u00e4nde\u00a0eingeladen , \u00fcber ihr Angebot f\u00fcr Kinder- und Jugendliche zu informieren und\u00a0einen Tag lang\u00a0\u00f6ffentlichkeitswirksame Aktionen durchzuf\u00fchren. \u00dcber drei\u00dfig Vereine und Institutionen nutzen diese M\u00f6glichkeit und nat\u00fcrlich war auch der Schachverein Turm Lahnstein vertreten!<\/div>\n<p><!--more--><\/p>\n<div><\/div>\n<div>Unser Stand mit Spielgelegenheiten,\u00a0zu l\u00f6senden Aufgabenbl\u00e4ttern sowie\u00a0Informationen und Werbematerialien wurde von Peter Schreieck und Friedhelm <span class=\"il\">Schneider<\/span> ab 10.00 Uhr aufgebaut, den ganzen Tag\u00a0betreut und gegen\u00a017.00 Uhr sah die obere Fr\u00fchmesserstra\u00dfe, die f\u00fcr den Aktionstag komplett gesperrt war, wieder so aus wie am Tag zuvor.\u00a0Von unserem Verein waren l\u00e4ngere Zeit erfreulicherweise auch\u00a0Lars und Familie Wei\u00dfenfels, \u00a0Luca Engelbrecht, Jonas Gro\u00df und Colin Klinkner da. Wegen einer Termin\u00fcberschneidung mit der Rheinland-Pfalz-Jugendmannschaftsmeisterschaft fielen leider viele m\u00f6gliche Akteure aus &#8211; dass ich mir im Laufe des Tages trotzdem den einen oder anderen (erwachsenen) Mitstreiter mehr gew\u00fcnscht h\u00e4tte, m\u00f6chte ich nicht unerw\u00e4hnt lassen.<\/div>\n<div><\/div>\n<div>Der Zulauf zu unserem Spiel- und Informationsstand\u00a0war \u00fcberschaubar, wie ich mir aufgrund der F\u00fclle der vertretenen\u00a0Vereine usw. auch insgesamt die Besucherzahl noch gr\u00f6\u00dfer vorgestellt hatte. Aber solche \u00d6ffentlichkeitsaktionen\u00a0sind absolut richtig und wichtig &#8211; dabei sein ist alles!<\/div>\n<div><\/div>\n<div>\n<div id='gallery-1' class='gallery galleryid-1425 gallery-columns-3 gallery-size-thumbnail'><figure class='gallery-item'>\n\t\t\t<div class='gallery-icon landscape'>\n\t\t\t\t<a href='https:\/\/turm-lahnstein.de\/?attachment_id=1426'><img loading=\"lazy\" decoding=\"async\" width=\"150\" height=\"150\" src=\"https:\/\/turm-lahnstein.de\/wp-content\/uploads\/2015\/07\/mg_7661b-150x150.jpg\" class=\"attachment-thumbnail size-thumbnail\" alt=\"\" \/><\/a>\n\t\t\t<\/div><\/figure><figure class='gallery-item'>\n\t\t\t<div class='gallery-icon landscape'>\n\t\t\t\t<a href='https:\/\/turm-lahnstein.de\/?attachment_id=1427'><img loading=\"lazy\" decoding=\"async\" width=\"150\" height=\"150\" src=\"https:\/\/turm-lahnstein.de\/wp-content\/uploads\/2015\/07\/mg_7662b-150x150.jpg\" class=\"attachment-thumbnail size-thumbnail\" alt=\"\" \/><\/a>\n\t\t\t<\/div><\/figure>\n\t\t<\/div>\n\n<\/div>\n","protected":false},"excerpt":{"rendered":"<p>Im\u00a0und um das Jugend- und Kulturzentrum sowie dem Bereich der oberen Fr\u00fchmesserstra\u00dfe am Kindergarten hatte die Stadt Lahnstein alle Vereine und\u00a0Verb\u00e4nde\u00a0eingeladen , \u00fcber ihr Angebot f\u00fcr Kinder- und Jugendliche zu [&hellip;]<\/p>\n","protected":false},"author":2,"featured_media":0,"comment_status":"open","ping_status":"open","sticky":false,"template":"","format":"standard","meta":{"footnotes":""},"categories":[1],"tags":[],"_links":{"self":[{"href":"https:\/\/turm-lahnstein.de\/index.php?rest_route=\/wp\/v2\/posts\/1425"}],"collection":[{"href":"https:\/\/turm-lahnstein.de\/index.php?rest_route=\/wp\/v2\/posts"}],"about":[{"href":"https:\/\/turm-lahnstein.de\/index.php?rest_route=\/wp\/v2\/types\/post"}],"author":[{"embeddable":true,"href":"https:\/\/turm-lahnstein.de\/index.php?rest_route=\/wp\/v2\/users\/2"}],"replies":[{"embeddable":true,"href":"https:\/\/turm-lahnstein.de\/index.php?rest_route=%2Fwp%2Fv2%2Fcomments&post=1425"}],"version-history":[{"count":0,"href":"https:\/\/turm-lahnstein.de\/index.php?rest_route=\/wp\/v2\/posts\/1425\/revisions"}],"wp:attachment":[{"href":"https:\/\/turm-lahnstein.de\/index.php?rest_route=%2Fwp%2Fv2%2Fmedia&parent=1425"}],"wp:term":[{"taxonomy":"category","embeddable":true,"href":"https:\/\/turm-lahnstein.de\/index.php?rest_route=%2Fwp%2Fv2%2Fcategories&post=1425"},{"taxonomy":"post_tag","embeddable":true,"href":"https:\/\/turm-lahnstein.de\/index.php?rest_route=%2Fwp%2Fv2%2Ftags&post=1425"}],"curies":[{"name":"wp","href":"https:\/\/api.w.org\/{rel}","templated":true}]}}