{"id":1390,"date":"2015-05-25T14:15:35","date_gmt":"2015-05-25T14:15:35","guid":{"rendered":"https:\/\/turmlahnstein.wordpress.com\/?p=1390"},"modified":"2015-05-25T14:15:35","modified_gmt":"2015-05-25T14:15:35","slug":"djem-beginnt","status":"publish","type":"post","link":"https:\/\/turm-lahnstein.de\/?p=1390","title":{"rendered":"DJEM beginnt"},"content":{"rendered":"<p>Am Samstag beginnt mit der Er\u00f6ffnungsfeier in Willingen\/Sauerland die DJEM. 2 Lahnsteiner sind mit dabei, in der U16 Tim Ronge und der U16w Sabrina Ley. W\u00e4hrend Tim souver\u00e4n durch die Qualifikation durchkam, verpasste Sabrina diese deutlich, bekam \u00fcber ihre gute Wertungszahl dann noch einen Freiplatz. In der b\u00e4renstarken U16 ist Tim an Nr.22 von 30 gesetzt. \u00dcber die H\u00e4lfte der Teilnehmer hat eine Wertungszahl von \u00fcber 2000.<!--more--> Wir trauen Tim trotzdem einen Platz im guten Mittelfeld zu, geht seine Leistungskurve doch kontinuierlich nach oben. Bei ihrer nun 5. Deutschen Meisterschaft ist Sabrina an 10 gesetzt. Der gleiche Platz den sie letztes Jahr bei der U14w erreicht. Den zu halten w\u00e4re schon gut.<\/p>\n<p>Auf der Internetseite der Deutschen Schachjugend <a href=\"http:\/\/www.deutsche-schachjugend.de\/dem2015\/dem15-turnier\">http:\/\/www.deutsche-schachjugend.de\/dem2015\/dem15-turnier\/ <\/a>findet ihr viele Informationen, k\u00f6nnt alle Partien nachspielen, Gru\u00dfw\u00fcnsche abschicken und hoffentlich unsere Spieler auch mal an den Livebrettern beobachten.<\/p>\n<p>Wir w\u00fcnschen den beiden viel Erfolg.<\/p>\n","protected":false},"excerpt":{"rendered":"<p>Am Samstag beginnt mit der Er\u00f6ffnungsfeier in Willingen\/Sauerland die DJEM. 2 Lahnsteiner sind mit dabei, in der U16 Tim Ronge und der U16w Sabrina Ley. W\u00e4hrend Tim souver\u00e4n durch die [&hellip;]<\/p>\n","protected":false},"author":2,"featured_media":0,"comment_status":"open","ping_status":"open","sticky":false,"template":"","format":"standard","meta":{"footnotes":""},"categories":[1],"tags":[],"_links":{"self":[{"href":"https:\/\/turm-lahnstein.de\/index.php?rest_route=\/wp\/v2\/posts\/1390"}],"collection":[{"href":"https:\/\/turm-lahnstein.de\/index.php?rest_route=\/wp\/v2\/posts"}],"about":[{"href":"https:\/\/turm-lahnstein.de\/index.php?rest_route=\/wp\/v2\/types\/post"}],"author":[{"embeddable":true,"href":"https:\/\/turm-lahnstein.de\/index.php?rest_route=\/wp\/v2\/users\/2"}],"replies":[{"embeddable":true,"href":"https:\/\/turm-lahnstein.de\/index.php?rest_route=%2Fwp%2Fv2%2Fcomments&post=1390"}],"version-history":[{"count":0,"href":"https:\/\/turm-lahnstein.de\/index.php?rest_route=\/wp\/v2\/posts\/1390\/revisions"}],"wp:attachment":[{"href":"https:\/\/turm-lahnstein.de\/index.php?rest_route=%2Fwp%2Fv2%2Fmedia&parent=1390"}],"wp:term":[{"taxonomy":"category","embeddable":true,"href":"https:\/\/turm-lahnstein.de\/index.php?rest_route=%2Fwp%2Fv2%2Fcategories&post=1390"},{"taxonomy":"post_tag","embeddable":true,"href":"https:\/\/turm-lahnstein.de\/index.php?rest_route=%2Fwp%2Fv2%2Ftags&post=1390"}],"curies":[{"name":"wp","href":"https:\/\/api.w.org\/{rel}","templated":true}]}}