{"id":1371,"date":"2015-04-23T20:08:36","date_gmt":"2015-04-23T20:08:36","guid":{"rendered":"https:\/\/turmlahnstein.wordpress.com\/?p=1371"},"modified":"2015-04-23T20:08:36","modified_gmt":"2015-04-23T20:08:36","slug":"saisonabschluss-der-lahnsteiner-mannschaften","status":"publish","type":"post","link":"https:\/\/turm-lahnstein.de\/?p=1371","title":{"rendered":"Saisonabschluss der Lahnsteiner Mannschaften"},"content":{"rendered":"<p><a href=\"https:\/\/turmlahnstein.files.wordpress.com\/2012\/09\/friedhelm_col.jpg\"><img loading=\"lazy\" decoding=\"async\" class=\"alignright size-full wp-image-68\" src=\"https:\/\/turmlahnstein.files.wordpress.com\/2012\/09\/friedhelm_col.jpg\" alt=\"friedhelm_col\" width=\"254\" height=\"248\" \/><\/a>Mit der letzten Runde des Spieljahres 2014\/15 der Spielklassen des Schachbezirks Rhein-Nahe ging\u00a0 auch f\u00fcr die dritte und vierte Vertretung des Schachvereins Turm Lahnstein die Saison zu Ende. <!--more--><\/p>\n<p>In der Bezirksliga platzierte sich die dritte Mannschaft mit einem abschlie\u00dfenden 4 : 4 beim der SG Hunsr\u00fcck bei 8 : 10 Mannschaftspunkten auf dem siebten Rang von zehn Mannschaften. Wegen mehreren Ausf\u00e4llen von Spielern war mehr nicht zu erreichen; der jederzeit sichere Klassenerhalt als Saisonziel war aber fr\u00fchzeitig erreicht. Von der Stammbesetzung erzielten Kurt Sanner, Hans-Joachim Will, Dr. Michael Buch, Michael Sefeloge und Norbert Niechoj die besten Ergebnisse.<\/p>\n<p>In der vierten Mannschaft in der B-Klasse tummelten sich ausschlie\u00dflich Jugendliche, die wichtige Erfahrungen\u00a0 im Turnierspielbetrieb sammelten. Am Ende standen erfreuliche 10:8 Mannschaftspunkte und ein f\u00fcnfter Rang in der Abschlusstabelle zu Buche. Positive Punkteverh\u00e4ltnisse weisen mit Elsin Smakic, Niklas Herbel, Ismael Smakic und Tomislaw Vekic vier von sieben zum Einsatz gekommene Spieler auf. Lars Wei\u00dfenfels, Martin Walzer und Luca Engelbrecht komplettieren das junge Team.<\/p>\n","protected":false},"excerpt":{"rendered":"<p>Mit der letzten Runde des Spieljahres 2014\/15 der Spielklassen des Schachbezirks Rhein-Nahe ging\u00a0 auch f\u00fcr die dritte und vierte Vertretung des Schachvereins Turm Lahnstein die Saison zu Ende.<\/p>\n","protected":false},"author":2,"featured_media":0,"comment_status":"open","ping_status":"open","sticky":false,"template":"","format":"standard","meta":{"footnotes":""},"categories":[1],"tags":[],"_links":{"self":[{"href":"https:\/\/turm-lahnstein.de\/index.php?rest_route=\/wp\/v2\/posts\/1371"}],"collection":[{"href":"https:\/\/turm-lahnstein.de\/index.php?rest_route=\/wp\/v2\/posts"}],"about":[{"href":"https:\/\/turm-lahnstein.de\/index.php?rest_route=\/wp\/v2\/types\/post"}],"author":[{"embeddable":true,"href":"https:\/\/turm-lahnstein.de\/index.php?rest_route=\/wp\/v2\/users\/2"}],"replies":[{"embeddable":true,"href":"https:\/\/turm-lahnstein.de\/index.php?rest_route=%2Fwp%2Fv2%2Fcomments&post=1371"}],"version-history":[{"count":0,"href":"https:\/\/turm-lahnstein.de\/index.php?rest_route=\/wp\/v2\/posts\/1371\/revisions"}],"wp:attachment":[{"href":"https:\/\/turm-lahnstein.de\/index.php?rest_route=%2Fwp%2Fv2%2Fmedia&parent=1371"}],"wp:term":[{"taxonomy":"category","embeddable":true,"href":"https:\/\/turm-lahnstein.de\/index.php?rest_route=%2Fwp%2Fv2%2Fcategories&post=1371"},{"taxonomy":"post_tag","embeddable":true,"href":"https:\/\/turm-lahnstein.de\/index.php?rest_route=%2Fwp%2Fv2%2Ftags&post=1371"}],"curies":[{"name":"wp","href":"https:\/\/api.w.org\/{rel}","templated":true}]}}