{"id":1338,"date":"2015-04-09T20:31:29","date_gmt":"2015-04-09T20:31:29","guid":{"rendered":"https:\/\/turmlahnstein.wordpress.com\/?p=1338"},"modified":"2015-04-09T20:31:29","modified_gmt":"2015-04-09T20:31:29","slug":"neulich-in-der-presse-funf-lahnsteiner-bei-der-rheinlandmeisterschaft","status":"publish","type":"post","link":"https:\/\/turm-lahnstein.de\/?p=1338","title":{"rendered":"Neulich in der Presse: F\u00fcnf Lahnsteiner bei der Rheinlandmeisterschaft"},"content":{"rendered":"<p><a href=\"https:\/\/turmlahnstein.files.wordpress.com\/2012\/09\/friedhelm_col.jpg\"><img loading=\"lazy\" decoding=\"async\" class=\"alignleft size-full wp-image-68\" src=\"https:\/\/turmlahnstein.files.wordpress.com\/2012\/09\/friedhelm_col.jpg\" alt=\"friedhelm_col\" width=\"254\" height=\"248\" \/><\/a>Die Einzelmeisterschaften des Schachverbandes Rheinland finden seit Jahrzehnten in der Woche vor Ostern statt. Zur diesj\u00e4hrigen Veranstaltung in Nickenich in der N\u00e4he des Laacher Sees waren im Meister-, den Meisteranw\u00e4rterturnieren und dem offenen Hauptturnier insgesamt 92 Schachspielerinnen und Schachspieler im Einsatz, davon f\u00fcnf vom Schachverein Turm Lahnstein. <!--more--><\/p>\n<p>Sabrina Ley hatte sich im vergangenen Jahr f\u00fcr ein Meisteranw\u00e4rterturnier, f\u00fcr das ausschlie\u00dflich Vorberechtigte spielberechtigt sind, qualifiziert und spielte mit Tendenz nach oben munter mit. Am Ende standen 3,5 Punkte aus sieben Partien und ein geteilter 4.\/5. Platz im Achterfeld zu Buche. Die vier \u00fcbrigen Lahnsteiner traten im offenen Hauptturnier im insgesamt 64k\u00f6pfigen Feld an. Von den Jugendlichen war der ambitionierte Tim Ronge mit seinem 10.Platz mit 4,5 Punkten nicht ganz zufrieden, w\u00e4hrend es f\u00fcr Elsin Smakic (3 Punkte, 42. Platz) und Niklas Herbel (2 Punkte, 55. Platz) vor allem darum ging, Erfahrungen in einem derart harten Turnier zu sammeln, was beiden gelang. F\u00fcr den erfahrenen Friedhelm Schneider war es nach mehrj\u00e4hriger Pause das erste Einzelturnier mit Turnierbedenkzeit und mit seinen f\u00fcnf Punkten und dem 9. Platz im Gesamtklassement zeigte er sich zufrieden.<\/p>\n","protected":false},"excerpt":{"rendered":"<p>Die Einzelmeisterschaften des Schachverbandes Rheinland finden seit Jahrzehnten in der Woche vor Ostern statt. Zur diesj\u00e4hrigen Veranstaltung in Nickenich in der N\u00e4he des Laacher Sees waren im Meister-, den Meisteranw\u00e4rterturnieren [&hellip;]<\/p>\n","protected":false},"author":2,"featured_media":0,"comment_status":"open","ping_status":"open","sticky":false,"template":"","format":"standard","meta":{"footnotes":""},"categories":[24],"tags":[],"_links":{"self":[{"href":"https:\/\/turm-lahnstein.de\/index.php?rest_route=\/wp\/v2\/posts\/1338"}],"collection":[{"href":"https:\/\/turm-lahnstein.de\/index.php?rest_route=\/wp\/v2\/posts"}],"about":[{"href":"https:\/\/turm-lahnstein.de\/index.php?rest_route=\/wp\/v2\/types\/post"}],"author":[{"embeddable":true,"href":"https:\/\/turm-lahnstein.de\/index.php?rest_route=\/wp\/v2\/users\/2"}],"replies":[{"embeddable":true,"href":"https:\/\/turm-lahnstein.de\/index.php?rest_route=%2Fwp%2Fv2%2Fcomments&post=1338"}],"version-history":[{"count":0,"href":"https:\/\/turm-lahnstein.de\/index.php?rest_route=\/wp\/v2\/posts\/1338\/revisions"}],"wp:attachment":[{"href":"https:\/\/turm-lahnstein.de\/index.php?rest_route=%2Fwp%2Fv2%2Fmedia&parent=1338"}],"wp:term":[{"taxonomy":"category","embeddable":true,"href":"https:\/\/turm-lahnstein.de\/index.php?rest_route=%2Fwp%2Fv2%2Fcategories&post=1338"},{"taxonomy":"post_tag","embeddable":true,"href":"https:\/\/turm-lahnstein.de\/index.php?rest_route=%2Fwp%2Fv2%2Ftags&post=1338"}],"curies":[{"name":"wp","href":"https:\/\/api.w.org\/{rel}","templated":true}]}}