{"id":1328,"date":"2015-04-02T17:21:05","date_gmt":"2015-04-02T17:21:05","guid":{"rendered":"https:\/\/turmlahnstein.wordpress.com\/?p=1328"},"modified":"2015-04-02T17:21:05","modified_gmt":"2015-04-02T17:21:05","slug":"neulich-in-der-presse-zuruck-an-die-tabellenspitze","status":"publish","type":"post","link":"https:\/\/turm-lahnstein.de\/?p=1328","title":{"rendered":"Neulich in der Presse: Zur\u00fcck an die Tabellenspitze"},"content":{"rendered":"<p><a href=\"https:\/\/turmlahnstein.files.wordpress.com\/2012\/09\/friedhelm_col.jpg\"><img loading=\"lazy\" decoding=\"async\" class=\"alignleft size-full wp-image-68\" src=\"https:\/\/turmlahnstein.files.wordpress.com\/2012\/09\/friedhelm_col.jpg\" alt=\"friedhelm_col\" width=\"254\" height=\"248\" \/><\/a>Mit einer spielerisch und k\u00e4mpferisch starken Leistung kehrte die erste Mannschaft desSchachvereins Turm Lahnstein an die Tabellenspitze der 2. Rheinland-Pfalz-Liga zur\u00fcck. Einem 5 : 3 Sieg bei der SG Mayen\/Mendig stand gleichzeitig die Niederlage der<!--more--> zweiten Mannschaft des Bundesligisten SG Trier gegen\u00fcber, an die die Lahnsteiner Schachfreunde nach der letzten Runde die Tabellenf\u00fchrung hatten abtreten m\u00fcssen. Die Punktegaranten Egor Dranischnikow und Tim Ronge sowie der nur in einzelnen Spielen zum Einsatz kommende Peter Ley gewannen ihre Partien. Ralf Teichgr\u00e4ber, Stephan B\u00fcchner und die Ersatzspieler Peter Schreieck und Friedhelm Schneider steuerten je ein Remis bei. Nach der feinen Leistung in der Eifel kann Lahnstein jetzt am 12. April in der letzten Runde gegen den SC Wittlich ebenfalls gegen einen Eifelverein die Meisterschaft perfekt machen. F\u00fcr Spannung ist also gesorgt!<\/p>\n<p>Im Vereinslokal \u201ePinocchio\u201c ging die Vereinsmeisterschaft 2015 zu Ende. Sieger wurde Friedhelm Schneider, dem dieses Kunstst\u00fcck bei seiner zwanzigsten Teilnahme gelang. Sechs Punkte reichten zu einem Einpunktevorsprung vor der neuen Vizemeisterin Sabrina Ley, die ihre st\u00e4ndig wachsende Spielst\u00e4rke erneut eindrucksvoll unter Beweis stellte. Dritter wurde Norbert Niechoi, w\u00e4hrend Titelverteidiger Stephan B\u00fcchner dieses Mal mit dem sechsten Platz zufrieden sein musste. Bester Jugendlicher wurde Niklas Herbel.<\/p>\n","protected":false},"excerpt":{"rendered":"<p>Mit einer spielerisch und k\u00e4mpferisch starken Leistung kehrte die erste Mannschaft desSchachvereins Turm Lahnstein an die Tabellenspitze der 2. Rheinland-Pfalz-Liga zur\u00fcck. Einem 5 : 3 Sieg bei der SG Mayen\/Mendig [&hellip;]<\/p>\n","protected":false},"author":2,"featured_media":0,"comment_status":"open","ping_status":"open","sticky":false,"template":"","format":"standard","meta":{"footnotes":""},"categories":[214,11,10],"tags":[],"_links":{"self":[{"href":"https:\/\/turm-lahnstein.de\/index.php?rest_route=\/wp\/v2\/posts\/1328"}],"collection":[{"href":"https:\/\/turm-lahnstein.de\/index.php?rest_route=\/wp\/v2\/posts"}],"about":[{"href":"https:\/\/turm-lahnstein.de\/index.php?rest_route=\/wp\/v2\/types\/post"}],"author":[{"embeddable":true,"href":"https:\/\/turm-lahnstein.de\/index.php?rest_route=\/wp\/v2\/users\/2"}],"replies":[{"embeddable":true,"href":"https:\/\/turm-lahnstein.de\/index.php?rest_route=%2Fwp%2Fv2%2Fcomments&post=1328"}],"version-history":[{"count":0,"href":"https:\/\/turm-lahnstein.de\/index.php?rest_route=\/wp\/v2\/posts\/1328\/revisions"}],"wp:attachment":[{"href":"https:\/\/turm-lahnstein.de\/index.php?rest_route=%2Fwp%2Fv2%2Fmedia&parent=1328"}],"wp:term":[{"taxonomy":"category","embeddable":true,"href":"https:\/\/turm-lahnstein.de\/index.php?rest_route=%2Fwp%2Fv2%2Fcategories&post=1328"},{"taxonomy":"post_tag","embeddable":true,"href":"https:\/\/turm-lahnstein.de\/index.php?rest_route=%2Fwp%2Fv2%2Ftags&post=1328"}],"curies":[{"name":"wp","href":"https:\/\/api.w.org\/{rel}","templated":true}]}}