{"id":1318,"date":"2015-03-29T19:59:48","date_gmt":"2015-03-29T19:59:48","guid":{"rendered":"https:\/\/turmlahnstein.wordpress.com\/?p=1318"},"modified":"2015-03-29T19:59:48","modified_gmt":"2015-03-29T19:59:48","slug":"rheinland-meisterschaft-gestartet-2","status":"publish","type":"post","link":"https:\/\/turm-lahnstein.de\/?p=1318","title":{"rendered":"Rheinland-Meisterschaft gestartet"},"content":{"rendered":"<p>In Nickenich startete die diesj\u00e4hrige Rheinland-Meisterschaft. Mit dabei sind die Lahnsteiner Spieler Sabrina (Meisteranw\u00e4rter I), Tim, Friedhelm, Niklas und Elsin (Haupturnier). Wir w\u00fcnschen Lahnsteinern viel Erfolg!<\/p>\n<p><a href=\"www.schachfreunde-nickenich.de\" target=\"_blank\" rel=\"noopener noreferrer\">[Ergebnisse]<\/a><\/p>\n","protected":false},"excerpt":{"rendered":"<p>In Nickenich startete die diesj\u00e4hrige Rheinland-Meisterschaft. Mit dabei sind die Lahnsteiner Spieler Sabrina (Meisteranw\u00e4rter I), Tim, Friedhelm, Niklas und Elsin (Haupturnier). Wir w\u00fcnschen Lahnsteinern viel Erfolg! [Ergebnisse]<\/p>\n","protected":false},"author":2,"featured_media":0,"comment_status":"open","ping_status":"open","sticky":false,"template":"","format":"standard","meta":{"footnotes":""},"categories":[1],"tags":[],"_links":{"self":[{"href":"https:\/\/turm-lahnstein.de\/index.php?rest_route=\/wp\/v2\/posts\/1318"}],"collection":[{"href":"https:\/\/turm-lahnstein.de\/index.php?rest_route=\/wp\/v2\/posts"}],"about":[{"href":"https:\/\/turm-lahnstein.de\/index.php?rest_route=\/wp\/v2\/types\/post"}],"author":[{"embeddable":true,"href":"https:\/\/turm-lahnstein.de\/index.php?rest_route=\/wp\/v2\/users\/2"}],"replies":[{"embeddable":true,"href":"https:\/\/turm-lahnstein.de\/index.php?rest_route=%2Fwp%2Fv2%2Fcomments&post=1318"}],"version-history":[{"count":0,"href":"https:\/\/turm-lahnstein.de\/index.php?rest_route=\/wp\/v2\/posts\/1318\/revisions"}],"wp:attachment":[{"href":"https:\/\/turm-lahnstein.de\/index.php?rest_route=%2Fwp%2Fv2%2Fmedia&parent=1318"}],"wp:term":[{"taxonomy":"category","embeddable":true,"href":"https:\/\/turm-lahnstein.de\/index.php?rest_route=%2Fwp%2Fv2%2Fcategories&post=1318"},{"taxonomy":"post_tag","embeddable":true,"href":"https:\/\/turm-lahnstein.de\/index.php?rest_route=%2Fwp%2Fv2%2Ftags&post=1318"}],"curies":[{"name":"wp","href":"https:\/\/api.w.org\/{rel}","templated":true}]}}