{"id":1310,"date":"2015-03-14T20:30:43","date_gmt":"2015-03-14T20:30:43","guid":{"rendered":"https:\/\/turmlahnstein.wordpress.com\/?p=1310"},"modified":"2015-03-14T20:30:43","modified_gmt":"2015-03-14T20:30:43","slug":"neulich-in-der-presse-teilnahme-an-landesmeisterschaften-fur-die-jungsten","status":"publish","type":"post","link":"https:\/\/turm-lahnstein.de\/?p=1310","title":{"rendered":"Neulich in der Presse: Teilnahme an Landesmeisterschaften f\u00fcr die J\u00fcngsten"},"content":{"rendered":"<p><a href=\"https:\/\/turmlahnstein.files.wordpress.com\/2012\/09\/friedhelm_col.jpg\"><img loading=\"lazy\" decoding=\"async\" class=\"alignright size-full wp-image-68\" src=\"https:\/\/turmlahnstein.files.wordpress.com\/2012\/09\/friedhelm_col.jpg\" alt=\"friedhelm_col\" width=\"254\" height=\"248\" \/><\/a>Altersklassen U(nter) 10 und U 12 war der Schachverein Turm Lahnstein mit drei Kindern vertreten. Die Veranstaltung \u2013 im vergangenen Jahr \u00fcbrigens vom Schachverein Turm Lahnstein in der Mensa des Schulzentrums ausgerichtet \u2013 war mit Teilnehmerfeldern von zweiunddrei\u00dfig (U10) und achtunddrei\u00dfig (U12) Kindern stark besetzt. <!--more-->Sieben Turnierpartien in zwei Tagen sind schon ziemlich strapazi\u00f6s. In der U 10 spielte Joshua Lenz sein erstes Turnier \u00fcberhaupt, startete sehr gut und fiel am zweiten Tag leider ins Mittelfeld zur\u00fcck. 3,5 Punkte und ein toller 18. Platz machen bestimmt Lust auf mehr Schach. In der U 12 behaupteten sich Noel Bendel mit drei Punkten und dem 23. Rang sowie Tomislaw Vekic punktgleich auf dem 28. Platz ebenfalls gut.<\/p>\n<p>An eine andere Zielgruppe n\u00e4mlich die Ambitioniertesten jeden Alters richtet sich ein besonderes Angebot des Vereins. Der neunfache Vereinsmeister Egor Dranischnikow, der schon an Deutschen Einzelmeisterschaften teilgenommen hat, f\u00fchrt f\u00fcr die besten und motiviertesten Spielerinnen und Spieler in regelm\u00e4\u00dfigen Abst\u00e4nden Trainingsnachmittage durch. Anspruchsvolle Themen wie z. B. die Auswirkungen der Bauernstruktur aus bestimmten Er\u00f6ffnungsvarianten werden gemeinsam an ausgew\u00e4hlten Beispielen analysiert und praktisch getestet. Bei der letzten Zusammenkunft war die Gr\u00fcnfeld-Indische Verteidigung Hauptthema der interessanten Betrachtungen.<\/p>\n","protected":false},"excerpt":{"rendered":"<p>Altersklassen U(nter) 10 und U 12 war der Schachverein Turm Lahnstein mit drei Kindern vertreten. Die Veranstaltung \u2013 im vergangenen Jahr \u00fcbrigens vom Schachverein Turm Lahnstein in der Mensa des [&hellip;]<\/p>\n","protected":false},"author":2,"featured_media":0,"comment_status":"open","ping_status":"open","sticky":false,"template":"","format":"standard","meta":{"footnotes":""},"categories":[11,148,25],"tags":[227,98,193],"_links":{"self":[{"href":"https:\/\/turm-lahnstein.de\/index.php?rest_route=\/wp\/v2\/posts\/1310"}],"collection":[{"href":"https:\/\/turm-lahnstein.de\/index.php?rest_route=\/wp\/v2\/posts"}],"about":[{"href":"https:\/\/turm-lahnstein.de\/index.php?rest_route=\/wp\/v2\/types\/post"}],"author":[{"embeddable":true,"href":"https:\/\/turm-lahnstein.de\/index.php?rest_route=\/wp\/v2\/users\/2"}],"replies":[{"embeddable":true,"href":"https:\/\/turm-lahnstein.de\/index.php?rest_route=%2Fwp%2Fv2%2Fcomments&post=1310"}],"version-history":[{"count":0,"href":"https:\/\/turm-lahnstein.de\/index.php?rest_route=\/wp\/v2\/posts\/1310\/revisions"}],"wp:attachment":[{"href":"https:\/\/turm-lahnstein.de\/index.php?rest_route=%2Fwp%2Fv2%2Fmedia&parent=1310"}],"wp:term":[{"taxonomy":"category","embeddable":true,"href":"https:\/\/turm-lahnstein.de\/index.php?rest_route=%2Fwp%2Fv2%2Fcategories&post=1310"},{"taxonomy":"post_tag","embeddable":true,"href":"https:\/\/turm-lahnstein.de\/index.php?rest_route=%2Fwp%2Fv2%2Ftags&post=1310"}],"curies":[{"name":"wp","href":"https:\/\/api.w.org\/{rel}","templated":true}]}}