{"id":1286,"date":"2015-02-09T18:34:03","date_gmt":"2015-02-09T18:34:03","guid":{"rendered":"https:\/\/turmlahnstein.wordpress.com\/?p=1286"},"modified":"2015-02-09T18:34:03","modified_gmt":"2015-02-09T18:34:03","slug":"neulich-in-der-presse-in-minderzahl-das-unentschieden-noch-geschafft","status":"publish","type":"post","link":"https:\/\/turm-lahnstein.de\/?p=1286","title":{"rendered":"Neulich in der Presse: In Minderzahl das Unentschieden noch geschafft"},"content":{"rendered":"<p><a href=\"https:\/\/turmlahnstein.files.wordpress.com\/2012\/09\/friedhelm_col.jpg\"><img loading=\"lazy\" decoding=\"async\" class=\"alignleft size-full wp-image-68\" src=\"https:\/\/turmlahnstein.files.wordpress.com\/2012\/09\/friedhelm_col.jpg\" alt=\"friedhelm_col\" width=\"254\" height=\"248\" \/><\/a>Unter schwierigen Vorzeichen erreichte die dritte Mannschaft des Schachvereins Turm Lahnstein in der Bezirksliga ein 4 : 4 bei der SG Boppard-Bad Salzig. Durch Krankheitsausf\u00e4lle und sonstige Termin\u00fcberschneidungen, die auch Ersatzspieler betrafen, hatte man nur sechs statt der erforderlichen acht Spieler zusammen, so dass die Mannschaft von Anfang an 0 : 2 zur\u00fccklag. <!--more-->Die anwesenden Spieler versuchten dies durch Einsatzfreude wett zu machen, aber nachdem Alexander Dranischnikow und Frank Karzinowski verloren hatten, sah es beim 0 : 4 Zwischenstand d\u00fcster aus. Aber die \u00fcbrigen Spieler k\u00e4mpften weiter und schafften das kaum Glaubliche: Kurt Sanner, Norbert Niechoj, Hans-Joachim Will und Michael Sefeloge gewannen ihre Partien und sicherten so einen Mannschaftspunkt zum 4 : 4 Unentschieden.<\/p>\n<p>&nbsp;<\/p>\n<p><a href=\"http:\/\/www.ergebnisdienst.net\/2014_2015\/abfrage.php?liga=812_11\" target=\"_blank\" rel=\"noopener noreferrer\">[Ergebnisse]<\/a><\/p>\n","protected":false},"excerpt":{"rendered":"<p>Unter schwierigen Vorzeichen erreichte die dritte Mannschaft des Schachvereins Turm Lahnstein in der Bezirksliga ein 4 : 4 bei der SG Boppard-Bad Salzig. Durch Krankheitsausf\u00e4lle und sonstige Termin\u00fcberschneidungen, die auch [&hellip;]<\/p>\n","protected":false},"author":2,"featured_media":0,"comment_status":"open","ping_status":"open","sticky":false,"template":"","format":"standard","meta":{"footnotes":""},"categories":[6,11],"tags":[73],"_links":{"self":[{"href":"https:\/\/turm-lahnstein.de\/index.php?rest_route=\/wp\/v2\/posts\/1286"}],"collection":[{"href":"https:\/\/turm-lahnstein.de\/index.php?rest_route=\/wp\/v2\/posts"}],"about":[{"href":"https:\/\/turm-lahnstein.de\/index.php?rest_route=\/wp\/v2\/types\/post"}],"author":[{"embeddable":true,"href":"https:\/\/turm-lahnstein.de\/index.php?rest_route=\/wp\/v2\/users\/2"}],"replies":[{"embeddable":true,"href":"https:\/\/turm-lahnstein.de\/index.php?rest_route=%2Fwp%2Fv2%2Fcomments&post=1286"}],"version-history":[{"count":0,"href":"https:\/\/turm-lahnstein.de\/index.php?rest_route=\/wp\/v2\/posts\/1286\/revisions"}],"wp:attachment":[{"href":"https:\/\/turm-lahnstein.de\/index.php?rest_route=%2Fwp%2Fv2%2Fmedia&parent=1286"}],"wp:term":[{"taxonomy":"category","embeddable":true,"href":"https:\/\/turm-lahnstein.de\/index.php?rest_route=%2Fwp%2Fv2%2Fcategories&post=1286"},{"taxonomy":"post_tag","embeddable":true,"href":"https:\/\/turm-lahnstein.de\/index.php?rest_route=%2Fwp%2Fv2%2Ftags&post=1286"}],"curies":[{"name":"wp","href":"https:\/\/api.w.org\/{rel}","templated":true}]}}