{"id":1282,"date":"2015-02-07T13:45:09","date_gmt":"2015-02-07T13:45:09","guid":{"rendered":"https:\/\/turmlahnstein.wordpress.com\/?p=1282"},"modified":"2015-02-07T13:45:09","modified_gmt":"2015-02-07T13:45:09","slug":"neulich-in-der-presse-vereinsmeisterschaft-hat-begonnen","status":"publish","type":"post","link":"https:\/\/turm-lahnstein.de\/?p=1282","title":{"rendered":"Neulich in der Presse: Vereinsmeisterschaft hat begonnen"},"content":{"rendered":"<p><img loading=\"lazy\" decoding=\"async\" class=\"alignright size-full wp-image-68\" src=\"https:\/\/turmlahnstein.files.wordpress.com\/2012\/09\/friedhelm_col.jpg\" alt=\"friedhelm_col\" width=\"254\" height=\"248\" \/>Zu seiner 37. Vereinsmeisterschaft hat der Schachverein Turm Lahnstein eingeladen. Erfreulich ist, dass die H\u00e4lfte der Mitspieler Jugendliche sind, aber leider l\u00e4sst die Gesamtteilnehmerzahl mit zw\u00f6lf Schachfreundinnen und -freunden sehr zu w\u00fcnschen \u00fcbrig. Das bunt gemischte Teilnehmerfeld verspricht dennoch einen spannungsreichen Verlauf. <!--more-->Titelverteidiger Stephan B\u00fcchner, zugleich einzig mitspielender Stammspieler der ersten Mannschaft , griff nach dramatischem Spielverlauf in seiner Partie der 2. Runde gegen Sabrina Ley fehl, so dass sich diese als einzige weibliche Teilnehmerin nach zwei Runden und zwei Siegen gemeinsam mit Werner Sonnhoff, dem Vereinsmeister 2013, die Tabellenf\u00fchrung teilt. Besondere Aufmerksamkeit verdient auch das Remis, das Elsin Smakic dem erfahrenen Turnierspieler Kurt Sanner abrang.<\/p>\n","protected":false},"excerpt":{"rendered":"<p>Zu seiner 37. Vereinsmeisterschaft hat der Schachverein Turm Lahnstein eingeladen. Erfreulich ist, dass die H\u00e4lfte der Mitspieler Jugendliche sind, aber leider l\u00e4sst die Gesamtteilnehmerzahl mit zw\u00f6lf Schachfreundinnen und -freunden sehr [&hellip;]<\/p>\n","protected":false},"author":2,"featured_media":0,"comment_status":"open","ping_status":"open","sticky":false,"template":"","format":"standard","meta":{"footnotes":""},"categories":[11,10],"tags":[78,105,94],"_links":{"self":[{"href":"https:\/\/turm-lahnstein.de\/index.php?rest_route=\/wp\/v2\/posts\/1282"}],"collection":[{"href":"https:\/\/turm-lahnstein.de\/index.php?rest_route=\/wp\/v2\/posts"}],"about":[{"href":"https:\/\/turm-lahnstein.de\/index.php?rest_route=\/wp\/v2\/types\/post"}],"author":[{"embeddable":true,"href":"https:\/\/turm-lahnstein.de\/index.php?rest_route=\/wp\/v2\/users\/2"}],"replies":[{"embeddable":true,"href":"https:\/\/turm-lahnstein.de\/index.php?rest_route=%2Fwp%2Fv2%2Fcomments&post=1282"}],"version-history":[{"count":0,"href":"https:\/\/turm-lahnstein.de\/index.php?rest_route=\/wp\/v2\/posts\/1282\/revisions"}],"wp:attachment":[{"href":"https:\/\/turm-lahnstein.de\/index.php?rest_route=%2Fwp%2Fv2%2Fmedia&parent=1282"}],"wp:term":[{"taxonomy":"category","embeddable":true,"href":"https:\/\/turm-lahnstein.de\/index.php?rest_route=%2Fwp%2Fv2%2Fcategories&post=1282"},{"taxonomy":"post_tag","embeddable":true,"href":"https:\/\/turm-lahnstein.de\/index.php?rest_route=%2Fwp%2Fv2%2Ftags&post=1282"}],"curies":[{"name":"wp","href":"https:\/\/api.w.org\/{rel}","templated":true}]}}