{"id":1277,"date":"2015-01-29T19:53:32","date_gmt":"2015-01-29T19:53:32","guid":{"rendered":"https:\/\/turmlahnstein.wordpress.com\/?p=1277"},"modified":"2015-01-29T19:53:32","modified_gmt":"2015-01-29T19:53:32","slug":"neulich-in-der-presse-lahnstein-bleibt-tabellenfuhrer","status":"publish","type":"post","link":"https:\/\/turm-lahnstein.de\/?p=1277","title":{"rendered":"Neulich in der Presse: Lahnstein bleibt Tabellenf\u00fchrer"},"content":{"rendered":"<p><img loading=\"lazy\" decoding=\"async\" class=\"alignleft size-full wp-image-68\" src=\"https:\/\/turmlahnstein.files.wordpress.com\/2012\/09\/friedhelm_col.jpg\" alt=\"friedhelm_col\" width=\"254\" height=\"248\" \/>Die Stunde der Wahrheit schlug f\u00fcr die beiden bisher verlustpunktfreien Mannschaften des Schachvereins Turm Lahnstein und der SG Trier II in der aktuellen Runde der 2. Rheinland-Pfalz-Liga. Die Lahnsteiner hatten die II. Mannschaft des Erstbundesligisten zu Gast und gaben von Anfang an zu verstehen, dass sie sich nicht mit der Rolle des Au\u00dfenseiters zufrieden geben wollten. <!--more--><\/p>\n<p>Nach spannendem Kampf behielt Lahnstein mit 5 : 3 die Oberhand und f\u00fchrt nun mit zwei Punkten Vorsprung die Tabelle an. In Anbetracht von noch vier ausstehenden Spielen kann allerdings noch viel passieren. F\u00fcr die Schachspieler vom Rhein-Lahn-Eck punkteten Egor Dranischnikow, Bujar Murati, Stephan B\u00fcchner und Peter Ley. Dennis Sanner und Sabrina Ley erk\u00e4mpften sich je ein Remis. Julian Hastrich und Julian Voss konnten eine Niederlage diesmal nicht verhindern.<\/p>\n<p>Das n\u00e4chste Spiel steht am 8. Februar in Konz bei Trier an.<\/p>\n<p>&nbsp;<\/p>\n<p><a href=\"https:\/\/ssl-account.com\/sbrp-ergebnisdienst.de\/?p1=0:ee:R2N-14-5\" target=\"_blank\" rel=\"noopener noreferrer\">[Ergebnisse]<\/a><\/p>\n","protected":false},"excerpt":{"rendered":"<p>Die Stunde der Wahrheit schlug f\u00fcr die beiden bisher verlustpunktfreien Mannschaften des Schachvereins Turm Lahnstein und der SG Trier II in der aktuellen Runde der 2. Rheinland-Pfalz-Liga. Die Lahnsteiner hatten [&hellip;]<\/p>\n","protected":false},"author":2,"featured_media":0,"comment_status":"open","ping_status":"open","sticky":false,"template":"","format":"standard","meta":{"footnotes":""},"categories":[214,11],"tags":[226],"_links":{"self":[{"href":"https:\/\/turm-lahnstein.de\/index.php?rest_route=\/wp\/v2\/posts\/1277"}],"collection":[{"href":"https:\/\/turm-lahnstein.de\/index.php?rest_route=\/wp\/v2\/posts"}],"about":[{"href":"https:\/\/turm-lahnstein.de\/index.php?rest_route=\/wp\/v2\/types\/post"}],"author":[{"embeddable":true,"href":"https:\/\/turm-lahnstein.de\/index.php?rest_route=\/wp\/v2\/users\/2"}],"replies":[{"embeddable":true,"href":"https:\/\/turm-lahnstein.de\/index.php?rest_route=%2Fwp%2Fv2%2Fcomments&post=1277"}],"version-history":[{"count":0,"href":"https:\/\/turm-lahnstein.de\/index.php?rest_route=\/wp\/v2\/posts\/1277\/revisions"}],"wp:attachment":[{"href":"https:\/\/turm-lahnstein.de\/index.php?rest_route=%2Fwp%2Fv2%2Fmedia&parent=1277"}],"wp:term":[{"taxonomy":"category","embeddable":true,"href":"https:\/\/turm-lahnstein.de\/index.php?rest_route=%2Fwp%2Fv2%2Fcategories&post=1277"},{"taxonomy":"post_tag","embeddable":true,"href":"https:\/\/turm-lahnstein.de\/index.php?rest_route=%2Fwp%2Fv2%2Ftags&post=1277"}],"curies":[{"name":"wp","href":"https:\/\/api.w.org\/{rel}","templated":true}]}}