{"id":1273,"date":"2015-01-18T19:58:10","date_gmt":"2015-01-18T19:58:10","guid":{"rendered":"https:\/\/turmlahnstein.wordpress.com\/?p=1273"},"modified":"2015-01-18T19:58:10","modified_gmt":"2015-01-18T19:58:10","slug":"start-der-vereinsmeisterschaft","status":"publish","type":"post","link":"https:\/\/turm-lahnstein.de\/?p=1273","title":{"rendered":"Start der Vereinsmeisterschaft"},"content":{"rendered":"<p>Mit einer bunten Mischung aus Jugendlichen\u00a0 und schon etwas \u00e4lteren Spielern wurde die diesj\u00e4hrige Vereinsmeisterschaft gestartet. Sechs Jugendliche, vier Senioren \u00dc 60 und zwei Spieler im besten Alter sind am Start.<!--more--><br \/>\nDa der Spielst\u00e4rkeunterschied in der Startrunde erfahrungsgem\u00e4\u00df an gr\u00f6\u00dften ist, waren f\u00fcnf der sechs Partien auch relativ schnell beendet. Nur einen interessierte den DWZ-Unterschied von 700 Punkten \u00fcberhaupt nicht und zwang seinen Gegner \u00fcber die volle Distanz. Die Rede ist von Niklas Herbel, der eine feine Leistung ablieferte und gegen Norbert Niechoj erst nach fast drei Stunden verlor.<\/p>\n<p align=\"JUSTIFY\"><span style=\"font-size:medium;\"><b>Ergebnisse der 1. Runde<\/b><\/span><\/p>\n<table border=\"1\" width=\"614\" cellspacing=\"0\" cellpadding=\"7\">\n<colgroup>\n<col width=\"190\" \/>\n<col width=\"191\" \/>\n<col width=\"190\" \/> <\/colgroup>\n<tbody>\n<tr valign=\"TOP\">\n<td width=\"190\">\n<p align=\"JUSTIFY\"><span style=\"font-size:medium;\">Stephan B\u00fcchner<\/span><\/p>\n<\/td>\n<td width=\"191\">\n<p align=\"CENTER\"><span style=\"font-size:medium;\">1:0<\/span><\/p>\n<\/td>\n<td width=\"190\">\n<p align=\"JUSTIFY\"><span style=\"font-size:medium;\">Tomislav Vekic<\/span><\/p>\n<\/td>\n<\/tr>\n<tr valign=\"TOP\">\n<td width=\"190\">\n<p align=\"JUSTIFY\"><span style=\"font-size:medium;\">Ismail Smakic<\/span><\/p>\n<\/td>\n<td width=\"191\">\n<p align=\"CENTER\"><span style=\"font-size:medium;\">0:1<\/span><\/p>\n<\/td>\n<td width=\"190\">\n<p align=\"JUSTIFY\"><span style=\"font-size:medium;\">Friedhelm Schneider<\/span><\/p>\n<\/td>\n<\/tr>\n<tr valign=\"TOP\">\n<td width=\"190\">\n<p align=\"JUSTIFY\"><span style=\"font-size:medium;\">Werner Sonnhoff<\/span><\/p>\n<\/td>\n<td width=\"191\">\n<p align=\"CENTER\"><span style=\"font-size:medium;\">1:0<\/span><\/p>\n<\/td>\n<td width=\"190\">\n<p align=\"JUSTIFY\"><span style=\"font-size:medium;\">Elsin Smakic<\/span><\/p>\n<\/td>\n<\/tr>\n<tr valign=\"TOP\">\n<td width=\"190\">\n<p align=\"JUSTIFY\"><span style=\"font-size:medium;\">Martin Walzer<\/span><\/p>\n<\/td>\n<td width=\"191\">\n<p align=\"CENTER\"><span style=\"font-size:medium;\">0:1<\/span><\/p>\n<\/td>\n<td width=\"190\">\n<p align=\"JUSTIFY\"><span style=\"font-size:medium;\">Sabrina Ley<\/span><\/p>\n<\/td>\n<\/tr>\n<tr valign=\"TOP\">\n<td width=\"190\">\n<p align=\"JUSTIFY\"><span style=\"font-size:medium;\">Norbert Niechoj<\/span><\/p>\n<\/td>\n<td width=\"191\">\n<p align=\"CENTER\"><span style=\"font-size:medium;\">1:0<\/span><\/p>\n<\/td>\n<td width=\"190\">\n<p align=\"JUSTIFY\"><span style=\"font-size:medium;\">Niklas Herbel<\/span><\/p>\n<\/td>\n<\/tr>\n<tr valign=\"TOP\">\n<td width=\"190\">\n<p align=\"JUSTIFY\"><span style=\"font-size:medium;\">Elmar Wiskirchen<\/span><\/p>\n<\/td>\n<td width=\"191\">\n<p align=\"CENTER\"><span style=\"font-size:medium;\">+:-<\/span><\/p>\n<\/td>\n<td width=\"190\">\n<p align=\"JUSTIFY\"><span style=\"font-size:medium;\">Kurt Sanner<\/span><\/p>\n<\/td>\n<\/tr>\n<\/tbody>\n<\/table>\n<p align=\"JUSTIFY\"><span style=\"font-size:medium;\"><b>Auslosung der 2. Runde <\/b><\/span><\/p>\n<table border=\"1\" width=\"614\" cellspacing=\"0\" cellpadding=\"7\">\n<colgroup>\n<col width=\"190\" \/>\n<col width=\"191\" \/>\n<col width=\"190\" \/> <\/colgroup>\n<tbody>\n<tr valign=\"TOP\">\n<td width=\"190\">\n<p align=\"JUSTIFY\"><span style=\"font-size:medium;\">Sabrina Ley<\/span><\/p>\n<\/td>\n<td width=\"191\"><\/td>\n<td width=\"190\">\n<p align=\"JUSTIFY\"><span style=\"font-size:medium;\">Stephan B\u00fcchner<\/span><\/p>\n<\/td>\n<\/tr>\n<tr valign=\"TOP\">\n<td width=\"190\">\n<p align=\"JUSTIFY\"><span style=\"font-size:medium;\">Friedhelm Schneider<\/span><\/p>\n<\/td>\n<td width=\"191\"><\/td>\n<td width=\"190\">\n<p align=\"JUSTIFY\"><span style=\"font-size:medium;\">Norbert Niechoj<\/span><\/p>\n<\/td>\n<\/tr>\n<tr valign=\"TOP\">\n<td width=\"190\">\n<p align=\"JUSTIFY\"><span style=\"font-size:medium;\">Elmar Wiskirchen<\/span><\/p>\n<\/td>\n<td width=\"191\"><\/td>\n<td width=\"190\">\n<p align=\"JUSTIFY\"><span style=\"font-size:medium;\">Werner Sonnhoff<\/span><\/p>\n<\/td>\n<\/tr>\n<tr valign=\"TOP\">\n<td width=\"190\">\n<p align=\"JUSTIFY\"><span style=\"font-size:medium;\">Elsin Smakic<\/span><\/p>\n<\/td>\n<td width=\"191\"><\/td>\n<td width=\"190\">\n<p align=\"JUSTIFY\"><span style=\"font-size:medium;\">Kurt Sanner<\/span><\/p>\n<\/td>\n<\/tr>\n<tr valign=\"TOP\">\n<td width=\"190\">\n<p align=\"JUSTIFY\"><span style=\"font-size:medium;\">Niklas Herbel<\/span><\/p>\n<\/td>\n<td width=\"191\"><\/td>\n<td width=\"190\">\n<p align=\"JUSTIFY\"><span style=\"font-size:medium;\">Ismail Smakic<\/span><\/p>\n<\/td>\n<\/tr>\n<tr valign=\"TOP\">\n<td width=\"190\">\n<p align=\"JUSTIFY\"><span style=\"font-size:medium;\">Tomislav Vekic<\/span><\/p>\n<\/td>\n<td width=\"191\"><\/td>\n<td width=\"190\">\n<p align=\"JUSTIFY\"><span style=\"font-size:medium;\">Martin Walzer<\/span><\/p>\n<\/td>\n<\/tr>\n<\/tbody>\n<\/table>\n<p align=\"JUSTIFY\"><span style=\"font-size:medium;\">Termin f\u00fcr die 2. Runde ist der 30. Januar 2015.<\/span><\/p>\n","protected":false},"excerpt":{"rendered":"<p>Mit einer bunten Mischung aus Jugendlichen\u00a0 und schon etwas \u00e4lteren Spielern wurde die diesj\u00e4hrige Vereinsmeisterschaft gestartet. Sechs Jugendliche, vier Senioren \u00dc 60 und zwei Spieler im besten Alter sind am [&hellip;]<\/p>\n","protected":false},"author":2,"featured_media":0,"comment_status":"open","ping_status":"open","sticky":false,"template":"","format":"standard","meta":{"footnotes":""},"categories":[10],"tags":[105],"_links":{"self":[{"href":"https:\/\/turm-lahnstein.de\/index.php?rest_route=\/wp\/v2\/posts\/1273"}],"collection":[{"href":"https:\/\/turm-lahnstein.de\/index.php?rest_route=\/wp\/v2\/posts"}],"about":[{"href":"https:\/\/turm-lahnstein.de\/index.php?rest_route=\/wp\/v2\/types\/post"}],"author":[{"embeddable":true,"href":"https:\/\/turm-lahnstein.de\/index.php?rest_route=\/wp\/v2\/users\/2"}],"replies":[{"embeddable":true,"href":"https:\/\/turm-lahnstein.de\/index.php?rest_route=%2Fwp%2Fv2%2Fcomments&post=1273"}],"version-history":[{"count":0,"href":"https:\/\/turm-lahnstein.de\/index.php?rest_route=\/wp\/v2\/posts\/1273\/revisions"}],"wp:attachment":[{"href":"https:\/\/turm-lahnstein.de\/index.php?rest_route=%2Fwp%2Fv2%2Fmedia&parent=1273"}],"wp:term":[{"taxonomy":"category","embeddable":true,"href":"https:\/\/turm-lahnstein.de\/index.php?rest_route=%2Fwp%2Fv2%2Fcategories&post=1273"},{"taxonomy":"post_tag","embeddable":true,"href":"https:\/\/turm-lahnstein.de\/index.php?rest_route=%2Fwp%2Fv2%2Ftags&post=1273"}],"curies":[{"name":"wp","href":"https:\/\/api.w.org\/{rel}","templated":true}]}}