{"id":1270,"date":"2015-01-18T19:52:52","date_gmt":"2015-01-18T19:52:52","guid":{"rendered":"https:\/\/turmlahnstein.wordpress.com\/?p=1270"},"modified":"2015-01-18T19:52:52","modified_gmt":"2015-01-18T19:52:52","slug":"neulich-in-der-presse-schoner-erfolg-der-zweiten-mannschaft","status":"publish","type":"post","link":"https:\/\/turm-lahnstein.de\/?p=1270","title":{"rendered":"Neulich in der Presse: Sch\u00f6ner Erfolg der zweiten Mannschaft"},"content":{"rendered":"<p><img loading=\"lazy\" decoding=\"async\" class=\"alignleft size-full wp-image-68\" src=\"https:\/\/turmlahnstein.files.wordpress.com\/2012\/09\/friedhelm_col.jpg\" alt=\"friedhelm_col\" width=\"254\" height=\"248\" \/>Das erste Spiel im neuen Jahr brachte der zweiten Mannschaft des Schachvereins Turm Lahnstein einen 6,5:1,5 Sieg gegen die ebenfalls zweite Vertretung des SC Bendorf. Mit einem nunmehr positiven Mannschaftspunktekonto in der Rheinland-Liga schauen die Rhein-Lahn-St\u00e4dter ganz entspannt dem letzten Drittel der Spielsaison entgegen.<\/p>\n<p><!--more-->Gegen die ersatzgeschw\u00e4chten G\u00e4ste sorgten Sabrina Ley und Markus M\u00fcller f\u00fcr einen beruhigenden 2 : 0 Vorsprung. Im folgenden ging keine Partie verloren, sondern durch Partiegewinne von Gerhard Reznik, Werner Sonnhoff und J\u00f6rg Kap konnte der Vorsprung ausgebaut werden. Peter Schreieck, Friedhelm Schneider und Peter Ley steuerten jeweils ein Remis bei.<\/p>\n<p>Am selben Wochenende lief es bei der dritten Mannschaft leider nicht so gut. Mit 2 : 6 fiel die Niederlage gegen den VfR Koblenz III in der Bezirksliga deutlich aus. Hans-Joachim Will und Mathieu Voss gewannen f\u00fcr Lahnstein, keine Partie ging remis aus, aber gleich sechs gingen verloren. Nach sechs Runden mit einem ausgeglichenem Punktekonto von 6 : 6 ist aber auch die dritte Lahnsteiner Vertretung im gro\u00dfen und ganzen zufrieden.<\/p>\n","protected":false},"excerpt":{"rendered":"<p>Das erste Spiel im neuen Jahr brachte der zweiten Mannschaft des Schachvereins Turm Lahnstein einen 6,5:1,5 Sieg gegen die ebenfalls zweite Vertretung des SC Bendorf. Mit einem nunmehr positiven Mannschaftspunktekonto [&hellip;]<\/p>\n","protected":false},"author":2,"featured_media":0,"comment_status":"open","ping_status":"open","sticky":false,"template":"","format":"standard","meta":{"footnotes":""},"categories":[6,11,24],"tags":[],"_links":{"self":[{"href":"https:\/\/turm-lahnstein.de\/index.php?rest_route=\/wp\/v2\/posts\/1270"}],"collection":[{"href":"https:\/\/turm-lahnstein.de\/index.php?rest_route=\/wp\/v2\/posts"}],"about":[{"href":"https:\/\/turm-lahnstein.de\/index.php?rest_route=\/wp\/v2\/types\/post"}],"author":[{"embeddable":true,"href":"https:\/\/turm-lahnstein.de\/index.php?rest_route=\/wp\/v2\/users\/2"}],"replies":[{"embeddable":true,"href":"https:\/\/turm-lahnstein.de\/index.php?rest_route=%2Fwp%2Fv2%2Fcomments&post=1270"}],"version-history":[{"count":0,"href":"https:\/\/turm-lahnstein.de\/index.php?rest_route=\/wp\/v2\/posts\/1270\/revisions"}],"wp:attachment":[{"href":"https:\/\/turm-lahnstein.de\/index.php?rest_route=%2Fwp%2Fv2%2Fmedia&parent=1270"}],"wp:term":[{"taxonomy":"category","embeddable":true,"href":"https:\/\/turm-lahnstein.de\/index.php?rest_route=%2Fwp%2Fv2%2Fcategories&post=1270"},{"taxonomy":"post_tag","embeddable":true,"href":"https:\/\/turm-lahnstein.de\/index.php?rest_route=%2Fwp%2Fv2%2Ftags&post=1270"}],"curies":[{"name":"wp","href":"https:\/\/api.w.org\/{rel}","templated":true}]}}