{"id":1266,"date":"2015-01-11T20:14:10","date_gmt":"2015-01-11T20:14:10","guid":{"rendered":"http:\/\/turmlahnstein.wordpress.com\/?p=1266"},"modified":"2015-01-11T20:14:10","modified_gmt":"2015-01-11T20:14:10","slug":"funf-lahnsteiner-bei-rheinland-jugendmeisterschaft","status":"publish","type":"post","link":"https:\/\/turm-lahnstein.de\/?p=1266","title":{"rendered":"F\u00fcnf Lahnsteiner bei Rheinland-Jugendmeisterschaft"},"content":{"rendered":"<p>Die Einzelmeisterschaften der Schachjugend Rheinland fanden in diesem Jahr in der Jugendherberge Cochem statt. Mit f\u00fcnf Kindern und Jugendlichen war der Schachverein Turm Lahnstein wieder gut vertreten, wenn dieses mal auch keine Podestpl\u00e4tze heraussprangen. Gleich vier Teilnehmer des Vereins versuchten sich in der Altersklasse U(nter) 12 gut in Szene zu setzen. \u00dcberraschend wurde Tomislaw Vekic als Achter von insgesamt 24 Teilnehmern bester Lahnsteiner. <!--more--><br \/>\nAus sieben Partien holte er vier Punkte. Nicht ganz an seine guten Ergebnisse des letzten Jahres ankn\u00fcpfen konnte Lars Wei\u00dfenfels, der mit 3,5 Punkten f\u00fcnfzig Prozent des M\u00f6glichen erzielte und im Gesamtfeld den elften Platz belegte. Mit gleicher Punktzahl und einem 14. Platz konnte Noel Bendel zufrieden sein. Ismail Smakic blieb bei drei Punkten und dem siebzehnten Platz stehen und hatte sich vielleicht etwas mehr versprochen.<\/p>\n<p>In der Altersklasse U 16 trat Sabrina Ley an. Als mehrfache Teilnehmerin an Deutschen Meisterschaften kann sie in dieser Altersklasse ganz vorne mitspielen. Aber dieses mal lief es nicht so gut, was halt auch vorkommt. Ihre drei Punkte aus sieben Partien und den 11. Platz im 16k\u00f6pfigen Feld wird sie abhaken und im n\u00e4chsten Turnier wieder angreifen.<\/p>\n<p>&nbsp;<\/p>\n<p><a href=\"http:\/\/www.schachjugend-rheinland.de\/\" target=\"_blank\" rel=\"noopener noreferrer\">[Ergebnisse]<\/a><\/p>\n","protected":false},"excerpt":{"rendered":"<p>Die Einzelmeisterschaften der Schachjugend Rheinland fanden in diesem Jahr in der Jugendherberge Cochem statt. Mit f\u00fcnf Kindern und Jugendlichen war der Schachverein Turm Lahnstein wieder gut vertreten, wenn dieses mal [&hellip;]<\/p>\n","protected":false},"author":2,"featured_media":0,"comment_status":"open","ping_status":"open","sticky":false,"template":"","format":"standard","meta":{"footnotes":""},"categories":[11,148,24],"tags":[98,78,192],"_links":{"self":[{"href":"https:\/\/turm-lahnstein.de\/index.php?rest_route=\/wp\/v2\/posts\/1266"}],"collection":[{"href":"https:\/\/turm-lahnstein.de\/index.php?rest_route=\/wp\/v2\/posts"}],"about":[{"href":"https:\/\/turm-lahnstein.de\/index.php?rest_route=\/wp\/v2\/types\/post"}],"author":[{"embeddable":true,"href":"https:\/\/turm-lahnstein.de\/index.php?rest_route=\/wp\/v2\/users\/2"}],"replies":[{"embeddable":true,"href":"https:\/\/turm-lahnstein.de\/index.php?rest_route=%2Fwp%2Fv2%2Fcomments&post=1266"}],"version-history":[{"count":0,"href":"https:\/\/turm-lahnstein.de\/index.php?rest_route=\/wp\/v2\/posts\/1266\/revisions"}],"wp:attachment":[{"href":"https:\/\/turm-lahnstein.de\/index.php?rest_route=%2Fwp%2Fv2%2Fmedia&parent=1266"}],"wp:term":[{"taxonomy":"category","embeddable":true,"href":"https:\/\/turm-lahnstein.de\/index.php?rest_route=%2Fwp%2Fv2%2Fcategories&post=1266"},{"taxonomy":"post_tag","embeddable":true,"href":"https:\/\/turm-lahnstein.de\/index.php?rest_route=%2Fwp%2Fv2%2Ftags&post=1266"}],"curies":[{"name":"wp","href":"https:\/\/api.w.org\/{rel}","templated":true}]}}