{"id":1247,"date":"2014-12-08T20:00:23","date_gmt":"2014-12-08T20:00:23","guid":{"rendered":"http:\/\/turmlahnstein.wordpress.com\/?p=1247"},"modified":"2014-12-08T20:00:23","modified_gmt":"2014-12-08T20:00:23","slug":"vereinspokal-familienduell-geht-an-peter","status":"publish","type":"post","link":"https:\/\/turm-lahnstein.de\/?p=1247","title":{"rendered":"Vereinspokal: Familienduell geht an Peter"},"content":{"rendered":"<p><a href=\"https:\/\/turmlahnstein.files.wordpress.com\/2012\/09\/pokal.jpg\"><img loading=\"lazy\" decoding=\"async\" class=\"alignright size-full wp-image-61\" src=\"https:\/\/turmlahnstein.files.wordpress.com\/2012\/09\/pokal.jpg\" alt=\"Pokal\" width=\"118\" height=\"235\" \/><\/a>Am vergangenen Wochenende fand das diesj\u00e4hrige Endspiel um den Vereinspokal statt. Im ersten \u201eFamilienduell\u201c unserer Vereinsgeschichte zwischen Vater und Tochter Ley setzte sich diesmal noch der \u201ePapa\u201c durch und gewann 30 Jahre (!) nach dem ersten Gewinn zum zweiten Mal diesen Wettbewerb, damals \u00fcbrigens gegen den Schreiber dieser Zeilen. Da der Turnierleiter w\u00e4hrend der Partie selbst nicht anwesend war, schildert der Pokalsieger seinen Triumph selbst:<!--more--><\/p>\n<p><em>\u201eSabrina er\u00f6ffnete mit c4 und nach der von mir angestrebten Nebenvariante mit e5 und f5 waren wir nach f\u00fcnf Z\u00fcgen schon \u201eaus dem Buch\u201c. Nach einem strategischen Baueropfer hatte ich ganz leichten Vorteil, den ich f\u00e4lschlicherweise taktisch l\u00f6sen wollte. Nach ein paar ungenauen Z\u00fcgen musste ich, um im Spiel zu bleiben, einen zweiten Bauern geben. Meine T\u00fcrme waren zwar aktiver, aber bei genauem Spiel von Sabrina w\u00e4re es schwer f\u00fcr mich geworden. In einer komplizierten Stellung war sie aber bereits bei unter zehn Minuten Restbedenkzeit und spielte auch weiter zu langsam. Als sie dann blitzen musste, unterliefen ihr zwei schwere Fehler, ich gewann eine Figur und die Bauern zur\u00fcck. Das reichte dann zum Sieg. Die Wachabl\u00f6sung wurde so gerade noch einmal abgewendet und nach drei\u00dfig Jahren mal wieder der Pokal gewonnen.\u201c<\/em><\/p>\n<p>Soweit also der neue Pokalsieger, dem nichts mehr hinzuzuf\u00fcgen ist.<\/p>\n<p><strong>Endspiel um den Vereinspokal 2014:<\/strong><\/p>\n<p>Sabrina Ley \u2013 Peter Ley\u00a0\u00a0 0:1<\/p>\n","protected":false},"excerpt":{"rendered":"<p>Am vergangenen Wochenende fand das diesj\u00e4hrige Endspiel um den Vereinspokal statt. Im ersten \u201eFamilienduell\u201c unserer Vereinsgeschichte zwischen Vater und Tochter Ley setzte sich diesmal noch der \u201ePapa\u201c durch und gewann [&hellip;]<\/p>\n","protected":false},"author":2,"featured_media":0,"comment_status":"open","ping_status":"open","sticky":false,"template":"","format":"standard","meta":{"footnotes":""},"categories":[10],"tags":[83,78,42],"_links":{"self":[{"href":"https:\/\/turm-lahnstein.de\/index.php?rest_route=\/wp\/v2\/posts\/1247"}],"collection":[{"href":"https:\/\/turm-lahnstein.de\/index.php?rest_route=\/wp\/v2\/posts"}],"about":[{"href":"https:\/\/turm-lahnstein.de\/index.php?rest_route=\/wp\/v2\/types\/post"}],"author":[{"embeddable":true,"href":"https:\/\/turm-lahnstein.de\/index.php?rest_route=\/wp\/v2\/users\/2"}],"replies":[{"embeddable":true,"href":"https:\/\/turm-lahnstein.de\/index.php?rest_route=%2Fwp%2Fv2%2Fcomments&post=1247"}],"version-history":[{"count":0,"href":"https:\/\/turm-lahnstein.de\/index.php?rest_route=\/wp\/v2\/posts\/1247\/revisions"}],"wp:attachment":[{"href":"https:\/\/turm-lahnstein.de\/index.php?rest_route=%2Fwp%2Fv2%2Fmedia&parent=1247"}],"wp:term":[{"taxonomy":"category","embeddable":true,"href":"https:\/\/turm-lahnstein.de\/index.php?rest_route=%2Fwp%2Fv2%2Fcategories&post=1247"},{"taxonomy":"post_tag","embeddable":true,"href":"https:\/\/turm-lahnstein.de\/index.php?rest_route=%2Fwp%2Fv2%2Ftags&post=1247"}],"curies":[{"name":"wp","href":"https:\/\/api.w.org\/{rel}","templated":true}]}}