{"id":1245,"date":"2014-12-04T19:06:44","date_gmt":"2014-12-04T19:06:44","guid":{"rendered":"http:\/\/turmlahnstein.wordpress.com\/?p=1245"},"modified":"2014-12-04T19:06:44","modified_gmt":"2014-12-04T19:06:44","slug":"neulich-in-der-presse-jahresabschlussturnier-steht-an","status":"publish","type":"post","link":"https:\/\/turm-lahnstein.de\/?p=1245","title":{"rendered":"Neulich in der Presse: Jahresabschlussturnier steht an"},"content":{"rendered":"<p><a href=\"https:\/\/turmlahnstein.files.wordpress.com\/2012\/09\/friedhelm_col.jpg\"><img loading=\"lazy\" decoding=\"async\" class=\"alignleft size-full wp-image-68\" src=\"https:\/\/turmlahnstein.files.wordpress.com\/2012\/09\/friedhelm_col.jpg\" alt=\"friedhelm_col\" width=\"254\" height=\"248\" \/><\/a>Mit einem 4 : 4 Unentschieden gegen den bisherigen Tabellenf\u00fchrer der Bezirksliga, den SSC G\u00fcls\/Niederfell, war die dritte Mannschaft des Schachvereins Turm Lahnstein in der aktuellen Runde zufrieden. Dr. Michael Buch hatte die Lahnsteiner in F\u00fchrung gebracht und mit jedem Remis an den \u00fcbrigen Brettern kam die Lahnsteiner Vertretung einem Gesamtsieg n\u00e4her. <!--more-->Am Ende reichte es nach einer knappen Niederlage von Alexander Dranischnikow bei Remispartien durch Hans-Joachim Will, Norbert Niechoj, Mathieu Voss, Kurt Sanner, Michael Sefeloge und Dr. Axel M\u00fcller immerhin zum 4 : 4 Unentschieden.<\/p>\n<p>Am Freitag, 19. Dezember findet kein \u00fcblicher Spielabend statt. Stattdessen sind alle Vereinsmitglieder zum traditionellen Jahresabschlussturnier im Spiellokal \u201ePinocchio\u201c, Schulstra\u00dfe eingeladen. Beginn ist nachmittags um 15.30 Uhr. Anschlie\u00dfend findet am selben Ort die Weihnachtsfeier der Schachfamilie statt.<\/p>\n<p>&nbsp;<\/p>\n<p><a href=\"http:\/\/www.ergebnisdienst.net\/2014_2015\/abfrage.php?liga=812_11\" target=\"_blank\" rel=\"noopener noreferrer\">[Ergebnisse]<\/a><\/p>\n","protected":false},"excerpt":{"rendered":"<p>Mit einem 4 : 4 Unentschieden gegen den bisherigen Tabellenf\u00fchrer der Bezirksliga, den SSC G\u00fcls\/Niederfell, war die dritte Mannschaft des Schachvereins Turm Lahnstein in der aktuellen Runde zufrieden. Dr. Michael [&hellip;]<\/p>\n","protected":false},"author":2,"featured_media":0,"comment_status":"open","ping_status":"open","sticky":false,"template":"","format":"standard","meta":{"footnotes":""},"categories":[6,11],"tags":[225,96],"_links":{"self":[{"href":"https:\/\/turm-lahnstein.de\/index.php?rest_route=\/wp\/v2\/posts\/1245"}],"collection":[{"href":"https:\/\/turm-lahnstein.de\/index.php?rest_route=\/wp\/v2\/posts"}],"about":[{"href":"https:\/\/turm-lahnstein.de\/index.php?rest_route=\/wp\/v2\/types\/post"}],"author":[{"embeddable":true,"href":"https:\/\/turm-lahnstein.de\/index.php?rest_route=\/wp\/v2\/users\/2"}],"replies":[{"embeddable":true,"href":"https:\/\/turm-lahnstein.de\/index.php?rest_route=%2Fwp%2Fv2%2Fcomments&post=1245"}],"version-history":[{"count":0,"href":"https:\/\/turm-lahnstein.de\/index.php?rest_route=\/wp\/v2\/posts\/1245\/revisions"}],"wp:attachment":[{"href":"https:\/\/turm-lahnstein.de\/index.php?rest_route=%2Fwp%2Fv2%2Fmedia&parent=1245"}],"wp:term":[{"taxonomy":"category","embeddable":true,"href":"https:\/\/turm-lahnstein.de\/index.php?rest_route=%2Fwp%2Fv2%2Fcategories&post=1245"},{"taxonomy":"post_tag","embeddable":true,"href":"https:\/\/turm-lahnstein.de\/index.php?rest_route=%2Fwp%2Fv2%2Ftags&post=1245"}],"curies":[{"name":"wp","href":"https:\/\/api.w.org\/{rel}","templated":true}]}}