{"id":1223,"date":"2014-11-20T19:32:27","date_gmt":"2014-11-20T19:32:27","guid":{"rendered":"http:\/\/turmlahnstein.wordpress.com\/?p=1223"},"modified":"2014-11-20T19:32:27","modified_gmt":"2014-11-20T19:32:27","slug":"neulich-in-der-presse-wechselhafte-ergebnisse-im-mannschaftsspielbetrieb","status":"publish","type":"post","link":"https:\/\/turm-lahnstein.de\/?p=1223","title":{"rendered":"Neulich in der Presse: Wechselhafte Ergebnisse im Mannschaftsspielbetrieb"},"content":{"rendered":"<p><a href=\"https:\/\/turmlahnstein.files.wordpress.com\/2012\/09\/friedhelm_col.jpg\"><img loading=\"lazy\" decoding=\"async\" class=\"alignleft size-full wp-image-68\" src=\"https:\/\/turmlahnstein.files.wordpress.com\/2012\/09\/friedhelm_col.jpg\" alt=\"friedhelm_col\" width=\"254\" height=\"248\" \/><\/a>Die erste Mannschaft des Schachvereins Turm Lahnstein f\u00fchlt sich in der 2. Rheinland-Pfalz-Liga offenbar sehr wohl. Mit einem 6,5:1,5 Sieg gegen den SV Koblenz III kam sie im dritten Spiel zum dritten Sieg und f\u00fchrt die Tabelle an. Zun\u00e4chst war wie oft ein ausgeglichenes Ringen zu verzeichnen. Mit zunehmender Spieldauer neigten sich die Spiele an den meisten Brettern <!--more-->zugunsten der Lahnsteiner. Egor Dranischnikow f\u00fchrte ein leicht vorteilhaftes Endspiel gekonnt zum Sieg und auch Dennis Sanner, Julian Hastrich, Julian Voss, Tim Ronge und Werner Sonnhoff gewannen ihre Partien. Stephan B\u00fcchner steuerte ein Remis bei. Die Chancen nach einem Sieg in der n\u00e4chsten Runde am 14.12. als Tabellenf\u00fchrer zur Saisonmitte da zu stehen sind gut.<\/p>\n<p>Die dritte Mannschaft des Vereins kam in der Bezirksliga unerwartet deutlich mit 2 : 6 beim SC Nast\u00e4tten unter die R\u00e4der. Das Spiel stand f\u00fcr die Lahnsteiner von Anfang an unter einem ung\u00fcnstigen Stern, denn durch einen kurzfristigen Ausfall fehlte ein Spieler, so dass es unmittelbar mit einem 0 : 1 R\u00fcckstand los ging. Der Spielverlauf gab nie Hoffnung, dass dies noch umgedreht werden k\u00f6nnte. Einzig Frank Karzinowski kam mit einem spektakul\u00e4ren Springerzug zu einem Partiegewinn. Mathieu Voss und Alexander Dranischnikow erzielen jeweils ein Remis. Bei dieser Ausbeute von zwei Brettpunkten blieb es dann auch.<\/p>\n<p>In einem vorgezogenen Spiel der B-Klasse musste sich die vierte Mannschaft beim VfR Koblenz VII mit 1 : 3 geschlagen bekennen. In der Besetzung Elsin Smakic, Ismael Smakic, Tomislaw Vekic und Luca Engelbrecht weist diese Mannschaft ein Durchschnittsalter von elf Jahren auf und sammelt spielerische Erfahrungen f\u00fcr die Zukunft.<\/p>\n","protected":false},"excerpt":{"rendered":"<p>Die erste Mannschaft des Schachvereins Turm Lahnstein f\u00fchlt sich in der 2. Rheinland-Pfalz-Liga offenbar sehr wohl. Mit einem 6,5:1,5 Sieg gegen den SV Koblenz III kam sie im dritten Spiel [&hellip;]<\/p>\n","protected":false},"author":2,"featured_media":0,"comment_status":"open","ping_status":"open","sticky":false,"template":"","format":"standard","meta":{"footnotes":""},"categories":[214,5,6,11],"tags":[219,186,56],"_links":{"self":[{"href":"https:\/\/turm-lahnstein.de\/index.php?rest_route=\/wp\/v2\/posts\/1223"}],"collection":[{"href":"https:\/\/turm-lahnstein.de\/index.php?rest_route=\/wp\/v2\/posts"}],"about":[{"href":"https:\/\/turm-lahnstein.de\/index.php?rest_route=\/wp\/v2\/types\/post"}],"author":[{"embeddable":true,"href":"https:\/\/turm-lahnstein.de\/index.php?rest_route=\/wp\/v2\/users\/2"}],"replies":[{"embeddable":true,"href":"https:\/\/turm-lahnstein.de\/index.php?rest_route=%2Fwp%2Fv2%2Fcomments&post=1223"}],"version-history":[{"count":0,"href":"https:\/\/turm-lahnstein.de\/index.php?rest_route=\/wp\/v2\/posts\/1223\/revisions"}],"wp:attachment":[{"href":"https:\/\/turm-lahnstein.de\/index.php?rest_route=%2Fwp%2Fv2%2Fmedia&parent=1223"}],"wp:term":[{"taxonomy":"category","embeddable":true,"href":"https:\/\/turm-lahnstein.de\/index.php?rest_route=%2Fwp%2Fv2%2Fcategories&post=1223"},{"taxonomy":"post_tag","embeddable":true,"href":"https:\/\/turm-lahnstein.de\/index.php?rest_route=%2Fwp%2Fv2%2Ftags&post=1223"}],"curies":[{"name":"wp","href":"https:\/\/api.w.org\/{rel}","templated":true}]}}