{"id":1218,"date":"2014-11-18T19:44:33","date_gmt":"2014-11-18T19:44:33","guid":{"rendered":"http:\/\/turmlahnstein.wordpress.com\/?p=1218"},"modified":"2014-11-18T19:44:33","modified_gmt":"2014-11-18T19:44:33","slug":"vereinspokal-geht-an-ley","status":"publish","type":"post","link":"https:\/\/turm-lahnstein.de\/?p=1218","title":{"rendered":"Vereinspokal geht an Ley!"},"content":{"rendered":"<p><a href=\"https:\/\/turmlahnstein.files.wordpress.com\/2012\/09\/pokal.jpg\"><img loading=\"lazy\" decoding=\"async\" class=\"alignright size-full wp-image-61\" src=\"https:\/\/turmlahnstein.files.wordpress.com\/2012\/09\/pokal.jpg\" alt=\"Pokal\" width=\"118\" height=\"235\" \/><\/a>Im Halbfinale des diesj\u00e4hrigen Vereinspokals standen sich mit Friedhelm Schneider und Peter Ley zwei Spieler auf \u201eAugenh\u00f6he\u201c gegen\u00fcber. Da ich (Turnierleiter und Berichterstatter Herr Sefeloge) selbst nicht Anwesend war,\u00a0 lassen wir Peter Ley kurz zu Wort kommen:<!--more--><\/p>\n<p><em>\u201e Ich kam nach der Er\u00f6ffnung in eine etwas passive, aber wohl gesunde Igelstellung.\u00a0 Friedhelm wollte dann die Stellung mit einem Scheinopfer aufrei\u00dfen. Ich konnte das ablehnen und Friedhelm weiter das leicht bessere Spiel \u00fcberlassen, wollte es aber wissen. Nach einem Konter von mir sah ich erst keine Verteidigung mehr f\u00fcr ihn. Er hatte dann aber doch noch einen richtig sch\u00f6nen Gegenkonter und heraus kam ein v\u00f6llig ausgeglichenes Endspiel, das wir schnell Remis gaben. Die erste Blitzpartie endete ausgek\u00e4mpft Remis, die n\u00e4chsten drei fand Friedhelm nicht zu seinem Spiel und ich konnte alle f\u00fcr mich entscheiden.\u201c<\/em><\/p>\n<p><strong>3. Runde<\/strong><\/p>\n<p>Freilos = Sabrina Ley (und damit erste Finalistin).<br \/>\nFriedhelm Schneider \u2013 Peter Ley\u00a0 r\u00a0 0.5:3.5 Blitz<\/p>\n<p><strong>Endspiel:<\/strong><\/p>\n<p>Sabrina Ley \u2013 Peter Ley<\/p>\n<p>Termin f\u00fcr das Endspiel ist der <strong>5. Dezember 2014.<\/strong><\/p>\n","protected":false},"excerpt":{"rendered":"<p>Im Halbfinale des diesj\u00e4hrigen Vereinspokals standen sich mit Friedhelm Schneider und Peter Ley zwei Spieler auf \u201eAugenh\u00f6he\u201c gegen\u00fcber. Da ich (Turnierleiter und Berichterstatter Herr Sefeloge) selbst nicht Anwesend war,\u00a0 lassen [&hellip;]<\/p>\n","protected":false},"author":2,"featured_media":0,"comment_status":"open","ping_status":"open","sticky":false,"template":"","format":"standard","meta":{"footnotes":""},"categories":[10],"tags":[33,83,9],"_links":{"self":[{"href":"https:\/\/turm-lahnstein.de\/index.php?rest_route=\/wp\/v2\/posts\/1218"}],"collection":[{"href":"https:\/\/turm-lahnstein.de\/index.php?rest_route=\/wp\/v2\/posts"}],"about":[{"href":"https:\/\/turm-lahnstein.de\/index.php?rest_route=\/wp\/v2\/types\/post"}],"author":[{"embeddable":true,"href":"https:\/\/turm-lahnstein.de\/index.php?rest_route=\/wp\/v2\/users\/2"}],"replies":[{"embeddable":true,"href":"https:\/\/turm-lahnstein.de\/index.php?rest_route=%2Fwp%2Fv2%2Fcomments&post=1218"}],"version-history":[{"count":0,"href":"https:\/\/turm-lahnstein.de\/index.php?rest_route=\/wp\/v2\/posts\/1218\/revisions"}],"wp:attachment":[{"href":"https:\/\/turm-lahnstein.de\/index.php?rest_route=%2Fwp%2Fv2%2Fmedia&parent=1218"}],"wp:term":[{"taxonomy":"category","embeddable":true,"href":"https:\/\/turm-lahnstein.de\/index.php?rest_route=%2Fwp%2Fv2%2Fcategories&post=1218"},{"taxonomy":"post_tag","embeddable":true,"href":"https:\/\/turm-lahnstein.de\/index.php?rest_route=%2Fwp%2Fv2%2Ftags&post=1218"}],"curies":[{"name":"wp","href":"https:\/\/api.w.org\/{rel}","templated":true}]}}