{"id":1182,"date":"2014-10-31T21:52:42","date_gmt":"2014-10-31T21:52:42","guid":{"rendered":"http:\/\/turmlahnstein.wordpress.com\/?p=1182"},"modified":"2014-10-31T21:52:42","modified_gmt":"2014-10-31T21:52:42","slug":"neulich-in-der-presse-verdienter-auswartssieg-in-der-rheinland-pfalz-liga","status":"publish","type":"post","link":"https:\/\/turm-lahnstein.de\/?p=1182","title":{"rendered":"Neulich in der Presse: Verdienter Ausw\u00e4rtssieg in der Rheinland-Pfalz-Liga"},"content":{"rendered":"<p><a href=\"https:\/\/turmlahnstein.files.wordpress.com\/2012\/09\/friedhelm_col.jpg\"><img loading=\"lazy\" decoding=\"async\" class=\"alignleft size-full wp-image-68\" src=\"https:\/\/turmlahnstein.files.wordpress.com\/2012\/09\/friedhelm_col.jpg\" alt=\"friedhelm_col\" width=\"254\" height=\"248\" \/><\/a>Mit einem sicheren 5 : 3 Sieg kehrte die erste Mannschaft des Schachvereins Turm Lahnstein vom etablierten SC Kettig zur\u00fcck. Die Lahnsteiner Schachfreunde behaupten damit nach zwei Runden ihre Tabellenf\u00fchrung in der zweiten Rheinland-Pfalz-Liga. <!--more--><\/p>\n<p>Zwei Partien erwiesen sich vor allem als entscheidend. Sabrina Ley in ihrem ersten Einsatz in der ersten Mannschaft der Erwachsenen behielt gegen ihren st\u00fcrmisch angreifenden Gegner k\u00fchlen Kopf und wehrte dessen Angriff ab. Dem schwungvollen Konterangriff der 14j\u00e4hrigen hatte ihr Gegner nichts mehr entgegen zu setzen. Bujar Murati gelang zeitgleich seinerseits ein sch\u00f6ner Angriffssieg, so dass Lahnstein mit zwei Punkten in F\u00fchrung lag. Da auch Egor Dranischnikow seine spielerischen Qualit\u00e4ten am Spitzenbrett eindrucksvoll unter Beweis stellte und durch Dennis Sanner, Julian Hastrich, Ralf Teichgr\u00e4ber und Julian Voss vier weitere Remisen beigesteuert wurden, war der Sieg sichergestellt. Lediglich Stephan B\u00fcchner musste sich seinem Gegner geschlagen bekennen, konnte sich aber auf seine Mannschaftskameraden verlassen.<\/p>\n","protected":false},"excerpt":{"rendered":"<p>Mit einem sicheren 5 : 3 Sieg kehrte die erste Mannschaft des Schachvereins Turm Lahnstein vom etablierten SC Kettig zur\u00fcck. Die Lahnsteiner Schachfreunde behaupten damit nach zwei Runden ihre Tabellenf\u00fchrung [&hellip;]<\/p>\n","protected":false},"author":2,"featured_media":0,"comment_status":"open","ping_status":"open","sticky":false,"template":"","format":"standard","meta":{"footnotes":""},"categories":[214,11],"tags":[28,216,78],"_links":{"self":[{"href":"https:\/\/turm-lahnstein.de\/index.php?rest_route=\/wp\/v2\/posts\/1182"}],"collection":[{"href":"https:\/\/turm-lahnstein.de\/index.php?rest_route=\/wp\/v2\/posts"}],"about":[{"href":"https:\/\/turm-lahnstein.de\/index.php?rest_route=\/wp\/v2\/types\/post"}],"author":[{"embeddable":true,"href":"https:\/\/turm-lahnstein.de\/index.php?rest_route=\/wp\/v2\/users\/2"}],"replies":[{"embeddable":true,"href":"https:\/\/turm-lahnstein.de\/index.php?rest_route=%2Fwp%2Fv2%2Fcomments&post=1182"}],"version-history":[{"count":0,"href":"https:\/\/turm-lahnstein.de\/index.php?rest_route=\/wp\/v2\/posts\/1182\/revisions"}],"wp:attachment":[{"href":"https:\/\/turm-lahnstein.de\/index.php?rest_route=%2Fwp%2Fv2%2Fmedia&parent=1182"}],"wp:term":[{"taxonomy":"category","embeddable":true,"href":"https:\/\/turm-lahnstein.de\/index.php?rest_route=%2Fwp%2Fv2%2Fcategories&post=1182"},{"taxonomy":"post_tag","embeddable":true,"href":"https:\/\/turm-lahnstein.de\/index.php?rest_route=%2Fwp%2Fv2%2Ftags&post=1182"}],"curies":[{"name":"wp","href":"https:\/\/api.w.org\/{rel}","templated":true}]}}