{"id":1165,"date":"2014-09-30T19:06:18","date_gmt":"2014-09-30T19:06:18","guid":{"rendered":"http:\/\/turmlahnstein.wordpress.com\/?p=1165"},"modified":"2014-09-30T19:06:18","modified_gmt":"2014-09-30T19:06:18","slug":"ksm-gestartet-3","status":"publish","type":"post","link":"https:\/\/turm-lahnstein.de\/?p=1165","title":{"rendered":"KSM gestartet"},"content":{"rendered":"<p>Diesen Freitag lief bereits die 2.Runde der Koblenzer Stadtmeisterschaft, die f\u00fcr die Teilnehmer von Rhein-Nahe auch als Bezirksmeisterschaft gewertet wird. Aus Lahnstein dabei sind unsere Senioren Werner Sonnhoff und Michael Sefeloge, Turm-Blitzmeister Ralf Teichgr\u00e4ber und aus der Jugend Sabrina Ley.<!--more--> Alle waren in der 1.Runde gesetzt und l\u00f6sten ihre Aufgaben souver\u00e4n. In Runde 2 ging es dann schon zur Sache. Werner bekam mit Christian Marquardt einen der Turnierfavoriten vorgesetzt und wehrte sich tapfer. Mit Schwarz musste er immer einen leichten Druck aushalten und verpasste es im Endspiel seinem Gegner die freie C-Linie streitig zu machen. Mit einem Durchbruch wurde er dann \u00fcberrascht und verlor. Hr.Sefeloge geriet gegen Georg Bruziks in einen heftigen Angriff. Mit einem sch\u00f6nen Figurenopfer in schon schwieriger Stellung konnte Bruziks die K\u00f6nigsstellung \u00f6ffnen und es war kurz darauf vorbei. Sabrina kam gegen den favorisierten Daniel Vossen sehr gut aus der Er\u00f6ffnung. Sie gewann einen Bauern, bekam das L\u00e4uferpaar und es war noch mehr drin. In der Folge fand sie aber nicht die richtigen Pl\u00e4ne und kam nur wenig vorw\u00e4rts. Als ihr zu sp\u00e4ter Stunde die Ideen ausgingen bot sie Remis an, was ihr Gegner dankend annahm. Die Schlussstellung war immer noch besser f\u00fcr sie und ein wenig mehr Kampfgeist h\u00e4tte man sich gew\u00fcnscht. Ralf hatte Schwarz gegen den Koblenzer Philipp Reitz. Sein aufstrebender jugendlicher Gegner versuchte alles um Ralfs K\u00f6nig in Gefahr zu bringen. Philipp \u00f6ffnete die Linien am K\u00f6nigsfl\u00fcgel und brachte seine T\u00fcrme in Stellung. Ralf hatte jedoch jederzeit den \u00dcberblick, hielt weitere Verst\u00e4rkungen gegen seine Stellung fern und konterte. Das brachte einen weiteren vollen Punkt. Nun geht es gegen Christian Marquardt. Ein vielleicht f\u00fcr die Bezirksmeisterschaft schon vorentscheidendes Match.<\/p>\n<p>&nbsp;<\/p>\n<p><a href=\"http:\/\/www.vfr-koblenz.de\/schach\/doku\/menue-06\/frame5.htm\" target=\"_blank\" rel=\"noopener noreferrer\">[Ergebnisse]<\/a><\/p>\n","protected":false},"excerpt":{"rendered":"<p>Diesen Freitag lief bereits die 2.Runde der Koblenzer Stadtmeisterschaft, die f\u00fcr die Teilnehmer von Rhein-Nahe auch als Bezirksmeisterschaft gewertet wird. Aus Lahnstein dabei sind unsere Senioren Werner Sonnhoff und Michael [&hellip;]<\/p>\n","protected":false},"author":2,"featured_media":0,"comment_status":"open","ping_status":"open","sticky":false,"template":"","format":"standard","meta":{"footnotes":""},"categories":[3],"tags":[],"_links":{"self":[{"href":"https:\/\/turm-lahnstein.de\/index.php?rest_route=\/wp\/v2\/posts\/1165"}],"collection":[{"href":"https:\/\/turm-lahnstein.de\/index.php?rest_route=\/wp\/v2\/posts"}],"about":[{"href":"https:\/\/turm-lahnstein.de\/index.php?rest_route=\/wp\/v2\/types\/post"}],"author":[{"embeddable":true,"href":"https:\/\/turm-lahnstein.de\/index.php?rest_route=\/wp\/v2\/users\/2"}],"replies":[{"embeddable":true,"href":"https:\/\/turm-lahnstein.de\/index.php?rest_route=%2Fwp%2Fv2%2Fcomments&post=1165"}],"version-history":[{"count":0,"href":"https:\/\/turm-lahnstein.de\/index.php?rest_route=\/wp\/v2\/posts\/1165\/revisions"}],"wp:attachment":[{"href":"https:\/\/turm-lahnstein.de\/index.php?rest_route=%2Fwp%2Fv2%2Fmedia&parent=1165"}],"wp:term":[{"taxonomy":"category","embeddable":true,"href":"https:\/\/turm-lahnstein.de\/index.php?rest_route=%2Fwp%2Fv2%2Fcategories&post=1165"},{"taxonomy":"post_tag","embeddable":true,"href":"https:\/\/turm-lahnstein.de\/index.php?rest_route=%2Fwp%2Fv2%2Ftags&post=1165"}],"curies":[{"name":"wp","href":"https:\/\/api.w.org\/{rel}","templated":true}]}}