{"id":1161,"date":"2014-09-25T19:51:47","date_gmt":"2014-09-25T19:51:47","guid":{"rendered":"http:\/\/turmlahnstein.wordpress.com\/?p=1161"},"modified":"2014-09-25T19:51:47","modified_gmt":"2014-09-25T19:51:47","slug":"aktiv-zum-beginn-des-spieljahres","status":"publish","type":"post","link":"https:\/\/turm-lahnstein.de\/?p=1161","title":{"rendered":"Aktiv zum Beginn des Spieljahres"},"content":{"rendered":"<p><a href=\"http:\/\/turmlahnstein.files.wordpress.com\/2012\/09\/friedhelm_col.jpg\"><img loading=\"lazy\" decoding=\"async\" class=\"alignright size-full wp-image-68\" src=\"http:\/\/turmlahnstein.files.wordpress.com\/2012\/09\/friedhelm_col.jpg\" alt=\"friedhelm_col\" width=\"254\" height=\"248\" \/><\/a>Am selben Abend standen f\u00fcr die dritte und die vierte Mannschaft des Schachvereins Turm Lahnstein die erste Runde der neuen Saison des Schachbezirks Rhein-Nahe an.<!--more--><\/p>\n<p>In der Bezirksliga war die SG Pieroth\/Nahe zu Gast bei der dritten Vertretung der Rhein-Lahn-Stadt. Mit einem 5 : 3 Sieg wurde ein positiver Saisonstart gefeiert. Durch kurzfristige Ausf\u00e4lle standen beiden Mannschaften nur sieben Spieler zur Verf\u00fcgung, so das es mit einem 1: 1 losging. Hans-Joachim Will, Kurt Sanner und Frank Karzinowski gewannen ihre Partien sowie Mathieu Voss und Alexander Dranischnikow erzielten je ein Remis.<\/p>\n<p>In der vierten Lahnsteiner Mannschaft sammeln Kinder zwischen zehn und vierzehn Jahren Spielpraxis und treffen so in der B-Klasse auf neue Gegner. Das erste Spiel ging hier mit 1,5:2,5 bei der zweiten Mannschaft des SC Nast\u00e4tten verloren. Ismail Smakic gewann seine Partie und Martin Walzer erreichte ein Remis. Lars Wei\u00dfenfels und Niklas Herbel mussten sich dieses mal geschlagen bekennen und versuchen ihre ersten Punkte in der n\u00e4chsten Runde zu holen.<\/p>\n","protected":false},"excerpt":{"rendered":"<p>Am selben Abend standen f\u00fcr die dritte und die vierte Mannschaft des Schachvereins Turm Lahnstein die erste Runde der neuen Saison des Schachbezirks Rhein-Nahe an.<\/p>\n","protected":false},"author":2,"featured_media":0,"comment_status":"open","ping_status":"open","sticky":false,"template":"","format":"standard","meta":{"footnotes":""},"categories":[5,6,11],"tags":[],"_links":{"self":[{"href":"https:\/\/turm-lahnstein.de\/index.php?rest_route=\/wp\/v2\/posts\/1161"}],"collection":[{"href":"https:\/\/turm-lahnstein.de\/index.php?rest_route=\/wp\/v2\/posts"}],"about":[{"href":"https:\/\/turm-lahnstein.de\/index.php?rest_route=\/wp\/v2\/types\/post"}],"author":[{"embeddable":true,"href":"https:\/\/turm-lahnstein.de\/index.php?rest_route=\/wp\/v2\/users\/2"}],"replies":[{"embeddable":true,"href":"https:\/\/turm-lahnstein.de\/index.php?rest_route=%2Fwp%2Fv2%2Fcomments&post=1161"}],"version-history":[{"count":0,"href":"https:\/\/turm-lahnstein.de\/index.php?rest_route=\/wp\/v2\/posts\/1161\/revisions"}],"wp:attachment":[{"href":"https:\/\/turm-lahnstein.de\/index.php?rest_route=%2Fwp%2Fv2%2Fmedia&parent=1161"}],"wp:term":[{"taxonomy":"category","embeddable":true,"href":"https:\/\/turm-lahnstein.de\/index.php?rest_route=%2Fwp%2Fv2%2Fcategories&post=1161"},{"taxonomy":"post_tag","embeddable":true,"href":"https:\/\/turm-lahnstein.de\/index.php?rest_route=%2Fwp%2Fv2%2Ftags&post=1161"}],"curies":[{"name":"wp","href":"https:\/\/api.w.org\/{rel}","templated":true}]}}