{"id":1158,"date":"2014-09-18T18:59:39","date_gmt":"2014-09-18T18:59:39","guid":{"rendered":"http:\/\/turmlahnstein.wordpress.com\/?p=1158"},"modified":"2014-09-18T18:59:39","modified_gmt":"2014-09-18T18:59:39","slug":"erfolgreich-bei-der-bezirksjugendmeisterschaft","status":"publish","type":"post","link":"https:\/\/turm-lahnstein.de\/?p=1158","title":{"rendered":"Erfolgreich bei der Bezirksjugendmeisterschaft"},"content":{"rendered":"<p><img loading=\"lazy\" decoding=\"async\" class=\"alignleft size-full wp-image-68\" src=\"http:\/\/turmlahnstein.files.wordpress.com\/2012\/09\/friedhelm_col.jpg\" alt=\"friedhelm_col\" width=\"254\" height=\"248\" \/>Am letzten Wochenende der Sommerferien tr\u00e4gt der Schachbezirk Rhein-Nahe seine Jugendmeisterschaften aus. Dieses Jahr waren dreiundvierzig Kinder und Jugendliche zwischen acht und siebzehn Jahren in der Jugendherberge Montabaur dabei. Mit neun Teilnehmerinnen und Teilnehmern stellte der Schachverein Turm Lahnstein nach dem VfR Koblenz die meisten Teilnehmer.<!--more--><\/p>\n<p>In den j\u00fcngsten Altersklassen U 10 und U 12 spielten sechzehn Kinder. Aus sieben Partien erzielte Noel Bendel aus Lahnstein mit 5,5 nicht nur die meisten Punkte bei den M\u00e4dchen und wurde \u00fcberlegen U12w Meisterin, sondern beeindruckte mit einem zweiten Platz im Gesamtfeld. Lars Wei\u00dfenfels wurde Meister in der Altersklasse U 12 mit f\u00fcnf Punkten. Direkt dahinter \u00fcberzeugte Ismail Smakic mit 4,5 Punkten und dem zweiten Platz. Auch Tomislaw Vekic und Robin Plymakers k\u00f6nnen mit ihren vierten und sechsten Pl\u00e4tzen in dieser Altersklasse sehr zufrieden sein.<\/p>\n<p>Bei der U 14 blieb Elsin Smakic mit vier Punkten als Vierter in der oberen H\u00e4lfte des achtk\u00f6pfigen Feldes. Um noch weiter nach oben zu kommen, spielte er etwas zu ungleichm\u00e4\u00dfig.<\/p>\n<p>Die \u00e4ltesten Altersgruppen U 16 und U 18 spielten in einem gemeinsamen Turnier mit neunzehn Spielerinnen und Spielern. Auch hier gingen die Meisterehren nach Lahnstein. Sabrina Ley gewann mit 5,5 Punkten nicht nur die M\u00e4dchenwertung, sondern die Gesamtkonkurrenz und das gegen bis zu drei Jahren \u00e4ltere Gegner! Aus der Rhein-Lahn-Stadt waren hier auch Nico Fuselbach mit vier Punkten (Zweiter der U 18) sowie Niklas Herbel (12. der Gesamtabschlusstabelle) erfolgreich.<\/p>\n<p>Bei den Erwachsenen beginnt Mitte September der Mannschaftsspielbetrieb. Die zweite Mannschaft von Turm Lahnstein hatte es gleich am Anfang mit dem Vorjahresmeister der Rheinlandliga, SK Altenkirchen II, zu tun. Die Westerw\u00e4lder hatten auf den Aufstieg verzichtet und z\u00e4hlen naturgem\u00e4\u00df auch in diesem Spieljahr zu den Favoriten. Ein lebhaftes Spiel an allen Brettern zeigte, dass nach der Sommerpause die Spielfreude bei den Schachspielern rechtzeitig zum Saisonbeginn wieder da ist. Mit einem leistungsgerechten 4 : 4 trennten sich die beiden Mannschaften. F\u00fcr Lahnstein punkteten Thomas Buch, Peter Schreieck und Markus M\u00fcller voll, w\u00e4hrend Sabrina Ley und Friedhelm Schneider je ein Remis beisteuertern. Eine gute Ausgangsbasis f\u00fcr das Spieljahr 2014\/15!<\/p>\n","protected":false},"excerpt":{"rendered":"<p>Am letzten Wochenende der Sommerferien tr\u00e4gt der Schachbezirk Rhein-Nahe seine Jugendmeisterschaften aus. Dieses Jahr waren dreiundvierzig Kinder und Jugendliche zwischen acht und siebzehn Jahren in der Jugendherberge Montabaur dabei. Mit [&hellip;]<\/p>\n","protected":false},"author":2,"featured_media":0,"comment_status":"open","ping_status":"open","sticky":false,"template":"","format":"standard","meta":{"footnotes":""},"categories":[11],"tags":[],"_links":{"self":[{"href":"https:\/\/turm-lahnstein.de\/index.php?rest_route=\/wp\/v2\/posts\/1158"}],"collection":[{"href":"https:\/\/turm-lahnstein.de\/index.php?rest_route=\/wp\/v2\/posts"}],"about":[{"href":"https:\/\/turm-lahnstein.de\/index.php?rest_route=\/wp\/v2\/types\/post"}],"author":[{"embeddable":true,"href":"https:\/\/turm-lahnstein.de\/index.php?rest_route=\/wp\/v2\/users\/2"}],"replies":[{"embeddable":true,"href":"https:\/\/turm-lahnstein.de\/index.php?rest_route=%2Fwp%2Fv2%2Fcomments&post=1158"}],"version-history":[{"count":0,"href":"https:\/\/turm-lahnstein.de\/index.php?rest_route=\/wp\/v2\/posts\/1158\/revisions"}],"wp:attachment":[{"href":"https:\/\/turm-lahnstein.de\/index.php?rest_route=%2Fwp%2Fv2%2Fmedia&parent=1158"}],"wp:term":[{"taxonomy":"category","embeddable":true,"href":"https:\/\/turm-lahnstein.de\/index.php?rest_route=%2Fwp%2Fv2%2Fcategories&post=1158"},{"taxonomy":"post_tag","embeddable":true,"href":"https:\/\/turm-lahnstein.de\/index.php?rest_route=%2Fwp%2Fv2%2Ftags&post=1158"}],"curies":[{"name":"wp","href":"https:\/\/api.w.org\/{rel}","templated":true}]}}