{"id":1154,"date":"2014-09-13T10:26:12","date_gmt":"2014-09-13T10:26:12","guid":{"rendered":"http:\/\/turmlahnstein.wordpress.com\/?p=1154"},"modified":"2014-09-13T10:26:12","modified_gmt":"2014-09-13T10:26:12","slug":"vereinspokal-2014","status":"publish","type":"post","link":"https:\/\/turm-lahnstein.de\/?p=1154","title":{"rendered":"Vereinspokal 2014"},"content":{"rendered":"<p align=\"JUSTIFY\"><span style=\"font-size:medium;\"><img loading=\"lazy\" decoding=\"async\" class=\"alignleft size-full wp-image-61\" src=\"http:\/\/turmlahnstein.files.wordpress.com\/2012\/09\/pokal.jpg\" alt=\"Pokal\" width=\"118\" height=\"235\" \/>Mit neun Teilnehmer\/innen war diesmal sogar einer mehr am Start als im vergangenen Jahr. Vor der Auslosung musste ich mich entscheiden, ob eine Partie gespielt wird, um auf eine gerade Zahl f\u00fcr das Achtelfinale zu kommen, oder ob ich alle Anwesenden (au\u00dfer einem) spielen lasse. Mit Zustimmung der Anderen entschied ich mich daf\u00fcr, sodass gleich vier Partien gespielt werden konnten. Die ungerade Zahl muss dann halt sp\u00e4ter korrigiert werden. <\/span><!--more--><\/p>\n<p align=\"JUSTIFY\"><span style=\"font-size:medium;\">Das erste Freilos zog der Titelverteidiger, der damit erst in der zweiten Runde eingreifen kann. Peter Schreieck gegen Markus Nickel und Peter Ley gegen Frank Karzinowski konnten relativ schnell gewinnen, sodass sich die Aufmerksamkeit auf die anderen beiden Bretter richten konnten. Hier hatte Sabrina Ley in einer strategisch sehr gehaltvollen Partie und mit einem Mehrbauer Kurt Sanner so sehr in die Defensive bef\u00f6rdert, dass diesem so langsam die Z\u00fcge ausgingen. Besonders der fast eingemauerte L\u00e4ufer bereitete gro\u00dfe Sorgen, w\u00e4hrend Sabrinas Springer munter herumh\u00fcpfen konnte. In dieser ausweglosen Lage gratulierte Kurt Sanner seiner jungen Gegnerin.<\/span><\/p>\n<p align=\"JUSTIFY\"><span style=\"font-size:medium;\">Die Partie von Markus M\u00fcller gegen Friedhelm Schneider hatte sich immer im Gleichgewicht befunden, sodass sie sich irgendwann auf Remis einigten. Also musste geblitzt werden. Hier setzte sich Friedhelm Schneider mit 3:0 durch, wobei er in der ersten Partie nachwies, dass man auch mit einer Minusqualit\u00e4t den Gegner vor solche Probleme stellen kann, dass bei diesem das Bl\u00e4ttchen zuerst f\u00e4llt.<\/span><\/p>\n<p align=\"JUSTIFY\"><span style=\"font-size:medium;\"><span style=\"text-decoration:underline;\">1. Runde<\/span><\/span><\/p>\n<p align=\"JUSTIFY\"><span style=\"font-size:medium;\">Freilos = Ralf Teichgr\u00e4ber<\/span><\/p>\n<p align=\"JUSTIFY\"><span style=\"font-size:medium;\">Markus Nickel \u2013 Peter Schreieck 0:1<\/span><\/p>\n<p align=\"JUSTIFY\"><span style=\"font-size:medium;\">Sabrina Ley \u2013 Kurt Sanner 1:0<\/span><\/p>\n<p align=\"JUSTIFY\"><span style=\"font-size:medium;\">Peter Ley \u2013 Frank Karzinowski 1:0<\/span><\/p>\n<p align=\"JUSTIFY\"><span style=\"font-size:medium;\">Markus M\u00fcller \u2013 Friedhelm Schneider r 0:3 Blitz<\/span><\/p>\n<p align=\"JUSTIFY\"><span style=\"font-size:medium;\">Auslosung 2. Runde<\/span><\/p>\n<p align=\"JUSTIFY\"><span style=\"font-size:medium;\">Freilos = Friedhelm Schneider<\/span><\/p>\n<p align=\"JUSTIFY\"><span style=\"font-size:medium;\">Peter Schreieck \u2013 Sabrina Ley<\/span><\/p>\n<p align=\"JUSTIFY\"><span style=\"font-size:medium;\">Ralf Teichgr\u00e4ber \u2013 Peter Ley<\/span><\/p>\n<p align=\"JUSTIFY\"><span style=\"font-size:medium;\">Der in der Ausschreibung angesetzte Hauptspieltag ist der 10. Oktober 2014. <\/span><\/p>\n","protected":false},"excerpt":{"rendered":"<p>Mit neun Teilnehmer\/innen war diesmal sogar einer mehr am Start als im vergangenen Jahr. Vor der Auslosung musste ich mich entscheiden, ob eine Partie gespielt wird, um auf eine gerade [&hellip;]<\/p>\n","protected":false},"author":2,"featured_media":0,"comment_status":"open","ping_status":"open","sticky":false,"template":"","format":"standard","meta":{"footnotes":""},"categories":[1],"tags":[],"_links":{"self":[{"href":"https:\/\/turm-lahnstein.de\/index.php?rest_route=\/wp\/v2\/posts\/1154"}],"collection":[{"href":"https:\/\/turm-lahnstein.de\/index.php?rest_route=\/wp\/v2\/posts"}],"about":[{"href":"https:\/\/turm-lahnstein.de\/index.php?rest_route=\/wp\/v2\/types\/post"}],"author":[{"embeddable":true,"href":"https:\/\/turm-lahnstein.de\/index.php?rest_route=\/wp\/v2\/users\/2"}],"replies":[{"embeddable":true,"href":"https:\/\/turm-lahnstein.de\/index.php?rest_route=%2Fwp%2Fv2%2Fcomments&post=1154"}],"version-history":[{"count":0,"href":"https:\/\/turm-lahnstein.de\/index.php?rest_route=\/wp\/v2\/posts\/1154\/revisions"}],"wp:attachment":[{"href":"https:\/\/turm-lahnstein.de\/index.php?rest_route=%2Fwp%2Fv2%2Fmedia&parent=1154"}],"wp:term":[{"taxonomy":"category","embeddable":true,"href":"https:\/\/turm-lahnstein.de\/index.php?rest_route=%2Fwp%2Fv2%2Fcategories&post=1154"},{"taxonomy":"post_tag","embeddable":true,"href":"https:\/\/turm-lahnstein.de\/index.php?rest_route=%2Fwp%2Fv2%2Ftags&post=1154"}],"curies":[{"name":"wp","href":"https:\/\/api.w.org\/{rel}","templated":true}]}}