{"id":1017,"date":"2014-04-10T09:02:34","date_gmt":"2014-04-10T09:02:34","guid":{"rendered":"http:\/\/turmlahnstein.wordpress.com\/?p=1017"},"modified":"2014-04-10T09:02:34","modified_gmt":"2014-04-10T09:02:34","slug":"dramatik-in-der-schlussrunde-der-vereinsmeisterschaft","status":"publish","type":"post","link":"https:\/\/turm-lahnstein.de\/?p=1017","title":{"rendered":"Dramatik in der Schlussrunde der Vereinsmeisterschaft"},"content":{"rendered":"<p><img loading=\"lazy\" decoding=\"async\" class=\"alignleft size-thumbnail wp-image-68\" src=\"http:\/\/turmlahnstein.files.wordpress.com\/2012\/09\/friedhelm_col.jpg?w=150\" alt=\"friedhelm_col\" width=\"150\" height=\"146\" \/>Die Vereinsmeisterschaft des Schachvereins Turm Lahnstein ging nach sieben Runden im Vereinslokal Pinocchio zu Ende. Der neue Vereinsmeister hei\u00dft Stephan B\u00fcchner! Bis zur allerletzten Partie blieb es spannend, <!--more-->denn durch einen Sieg in der letzten Runde hatte Friedhelm Schneider zum f\u00fchrenden Stephan B\u00fcchner nach Punkten aufgeschlossen, der sich zuletzt trotz Gewinnbem\u00fchungen bis zur letzten Figur gegen Ralf Teichgr\u00e4ber mit einem Remis zufrieden geben musste. B\u00fcchner hatte gegen Schneider gewonnen, aber gegen andere Gegner zweimal ein Remis zugelassen, w\u00e4hrend Schneider die anderen sechs Partien gewann. Bei je sechs Punkten entschied die sogenannte Buchholzwertung, die bei Punktgleichheit die Punkte der Gegner, gegen die man gespielt hat addiert. Hauchd\u00fcnn aber verdient sicherte sich Stephan B\u00fcchner mit einem halben Buchholzpunkt Vorsprung die Meisterschaft.<\/p>\n<p>Ein Wermutstropfen f\u00fcr den Verein war die mit dreizehn Schachfreunden \u00fcberschaubare Teilnehmerzahl, wenn auch die Qualit\u00e4t des Feldes stimmte. Da sich bis auf die beiden Ersten fast alle die Punkte gegenseitig abnahmen, lagen mehrere Teilnehmer mit je vier Punkten auf den Pl\u00e4tzen. Dritter wurde Ralf Teichgr\u00e4ber vor Titelverteidiger Werner Sonnhoff. Besondere Erw\u00e4hnung verdienen sich Sabrina Ley als beste Jugendliche und Lars Wei\u00dfenfels als j\u00fcngster Teilnehmer. Beide brachten die etablierten Gegner geh\u00f6rig ins Schwitzen und waren alles andere als Kanonenfutter.<\/p>\n<p>Am selben Wochenende fand das Spieljahr f\u00fcr die vierte Mannschaft ein Ende. Die neuformierte Mannschaft hatte es in der A-Klasse Rhein-Nahe von Anfang an schwer und musste sich mit dem letzten Platz der Tabelle begn\u00fcgen. Von den regelm\u00e4\u00dfig eingesetzten Spielern Kurt Sanner, Alexander Dranischnikow, Nico Fuselbach, Elmar Wiskirchen und Markus Nickel konnte keiner 50% oder mehr der m\u00f6glichen Punkte erzielen.<\/p>\n","protected":false},"excerpt":{"rendered":"<p>Die Vereinsmeisterschaft des Schachvereins Turm Lahnstein ging nach sieben Runden im Vereinslokal Pinocchio zu Ende. Der neue Vereinsmeister hei\u00dft Stephan B\u00fcchner! Bis zur allerletzten Partie blieb es spannend,<\/p>\n","protected":false},"author":2,"featured_media":0,"comment_status":"open","ping_status":"open","sticky":false,"template":"","format":"standard","meta":{"footnotes":""},"categories":[32,11,10],"tags":[33,75,91],"_links":{"self":[{"href":"https:\/\/turm-lahnstein.de\/index.php?rest_route=\/wp\/v2\/posts\/1017"}],"collection":[{"href":"https:\/\/turm-lahnstein.de\/index.php?rest_route=\/wp\/v2\/posts"}],"about":[{"href":"https:\/\/turm-lahnstein.de\/index.php?rest_route=\/wp\/v2\/types\/post"}],"author":[{"embeddable":true,"href":"https:\/\/turm-lahnstein.de\/index.php?rest_route=\/wp\/v2\/users\/2"}],"replies":[{"embeddable":true,"href":"https:\/\/turm-lahnstein.de\/index.php?rest_route=%2Fwp%2Fv2%2Fcomments&post=1017"}],"version-history":[{"count":0,"href":"https:\/\/turm-lahnstein.de\/index.php?rest_route=\/wp\/v2\/posts\/1017\/revisions"}],"wp:attachment":[{"href":"https:\/\/turm-lahnstein.de\/index.php?rest_route=%2Fwp%2Fv2%2Fmedia&parent=1017"}],"wp:term":[{"taxonomy":"category","embeddable":true,"href":"https:\/\/turm-lahnstein.de\/index.php?rest_route=%2Fwp%2Fv2%2Fcategories&post=1017"},{"taxonomy":"post_tag","embeddable":true,"href":"https:\/\/turm-lahnstein.de\/index.php?rest_route=%2Fwp%2Fv2%2Ftags&post=1017"}],"curies":[{"name":"wp","href":"https:\/\/api.w.org\/{rel}","templated":true}]}}