{"id":1013,"date":"2014-04-05T11:43:58","date_gmt":"2014-04-05T11:43:58","guid":{"rendered":"http:\/\/turmlahnstein.wordpress.com\/?p=1013"},"modified":"2014-04-05T11:43:58","modified_gmt":"2014-04-05T11:43:58","slug":"stephan-buchner-neuer-vereinsmeister","status":"publish","type":"post","link":"https:\/\/turm-lahnstein.de\/?p=1013","title":{"rendered":"Stephan B\u00fcchner &#8211; neuer Vereinsmeister!"},"content":{"rendered":"<p>Mit einem spannenden Finale endete die diesj\u00e4hrige Vereinsmeisterschaft. Nachdem Friedhelm Schneider die Woche zuvor mit einem Sieg vorgelegt hatte und so auf sechs Punkte kam, konnte Stephan B\u00fcchner gegen Ralf Teichgr\u00e4ber nicht sicher sein,<!--more--> ob ein Remis gen\u00fcgen w\u00fcrde, um bei gleicher Punktzahl die bessere Wertung zu haben. Entsprechend legte er seine Partie an und erreichte ein Endspiel mit zwei Mehrbauern. Ralf Teichgr\u00e4ber verteidigte sich aber so geschickt, dass sein Gegen\u00fcber schlie\u00dflich mit nur noch einer Minute auf der Uhr in ein Remis einwilligte. Jetzt richteten sich alle Augen auf die letzte noch laufende Partie, wo Werner Sonnhoff mit einer Figur mehr, aber zwei Bauern weniger versuchte, Sabrina Ley zu \u00fcberlisten. Dies gelang aber nicht, zum Schluss kam es zu einem Blitzduell, wo alles abgetauscht wurde, was im Weg stand. Das Endergebnis war auch hier ein Unentschieden. Danach konnte der Knopf f\u00fcr die Abschlusstabelle gedr\u00fcckt werden, das Ergebnis siehe unten.<\/p>\n<p>Herzlichen Gl\u00fcckwunsch an Stephan B\u00fcchner zum ersten Titelgewinn unserer Vereinsmeisterschaft!<\/p>\n<p><strong>7. Runde:<\/strong><\/p>\n<p>Ralf Teichgr\u00e4ber r Stephan B\u00fcchner<br \/>\nKurt Sanner 0:1 Friedhelm Schneider<br \/>\nNorbert Niechoj r Peter Schreieck<br \/>\nWerner Sonnhoff r Sabrina Ley<br \/>\nFrank Karzinowski 1:0 Elmar Wiskirchen<br \/>\nDr. Axel M\u00fcller -:+ Lars Wei\u00dfenfels<br \/>\nFreilos = Michael Sefeloge<\/p>\n<p>&nbsp;<\/p>\n<p><strong>Endstand:<\/strong><\/p>\n<table>\n<tbody>\n<tr>\n<th>Rang Name G R V Punkte BH SB<\/th>\n<\/tr>\n<tr>\n<td>1 Stephan B\u00fcchner 5 2 0 6.0 29.5 25.50<\/td>\n<\/tr>\n<tr>\n<td>2 Friedhelm Schneider 6 0 1 6.0 29.0 23.00<\/td>\n<\/tr>\n<tr>\n<td>3 Ralf Teichgr\u00e4ber 3 2 2 4.0 33.5 16.50<\/td>\n<\/tr>\n<tr>\n<td>4 Werner Sonnhoff 3 2 2 4.0 30.0 15.25<\/td>\n<\/tr>\n<tr>\n<td>5 Peter Schreieck 3 2 2 4.0 29.5 13.50<\/td>\n<\/tr>\n<tr>\n<td>6 Norbert Niechoj 3 2 2 4.0 24.0 10.25<\/td>\n<\/tr>\n<tr>\n<td>7 Frank Karzinowski 4 0 3 4.0 21.5 7.50<\/td>\n<\/tr>\n<tr>\n<td>8 Kurt Sanner 3 1 3 3.5 25.5 8.25<\/td>\n<\/tr>\n<tr>\n<td>9 Sabrina Ley 3 1 3 3.5 21.5 6.00<\/td>\n<\/tr>\n<tr>\n<td>10 Michael Sefeloge 3 1 3 3.5 19.5 6.00<\/td>\n<\/tr>\n<tr>\n<td>11 Lars Wei\u00dfenfels 2 1 4 2.5 19.5 3.25<\/td>\n<\/tr>\n<tr>\n<td>12 Dr. Axel M\u00fcller 2 1 4 2.5 19.0 3.25<\/td>\n<\/tr>\n<tr>\n<td>13 Elmar Wiskirchen 1 1 5 1.5 20.0 1.25<\/td>\n<\/tr>\n<\/tbody>\n<\/table>\n","protected":false},"excerpt":{"rendered":"<p>Mit einem spannenden Finale endete die diesj\u00e4hrige Vereinsmeisterschaft. Nachdem Friedhelm Schneider die Woche zuvor mit einem Sieg vorgelegt hatte und so auf sechs Punkte kam, konnte Stephan B\u00fcchner gegen Ralf [&hellip;]<\/p>\n","protected":false},"author":2,"featured_media":0,"comment_status":"open","ping_status":"open","sticky":false,"template":"","format":"standard","meta":{"footnotes":""},"categories":[10],"tags":[91,105],"_links":{"self":[{"href":"https:\/\/turm-lahnstein.de\/index.php?rest_route=\/wp\/v2\/posts\/1013"}],"collection":[{"href":"https:\/\/turm-lahnstein.de\/index.php?rest_route=\/wp\/v2\/posts"}],"about":[{"href":"https:\/\/turm-lahnstein.de\/index.php?rest_route=\/wp\/v2\/types\/post"}],"author":[{"embeddable":true,"href":"https:\/\/turm-lahnstein.de\/index.php?rest_route=\/wp\/v2\/users\/2"}],"replies":[{"embeddable":true,"href":"https:\/\/turm-lahnstein.de\/index.php?rest_route=%2Fwp%2Fv2%2Fcomments&post=1013"}],"version-history":[{"count":0,"href":"https:\/\/turm-lahnstein.de\/index.php?rest_route=\/wp\/v2\/posts\/1013\/revisions"}],"wp:attachment":[{"href":"https:\/\/turm-lahnstein.de\/index.php?rest_route=%2Fwp%2Fv2%2Fmedia&parent=1013"}],"wp:term":[{"taxonomy":"category","embeddable":true,"href":"https:\/\/turm-lahnstein.de\/index.php?rest_route=%2Fwp%2Fv2%2Fcategories&post=1013"},{"taxonomy":"post_tag","embeddable":true,"href":"https:\/\/turm-lahnstein.de\/index.php?rest_route=%2Fwp%2Fv2%2Ftags&post=1013"}],"curies":[{"name":"wp","href":"https:\/\/api.w.org\/{rel}","templated":true}]}}