{"id":1006,"date":"2014-03-23T18:05:32","date_gmt":"2014-03-23T18:05:32","guid":{"rendered":"http:\/\/turmlahnstein.wordpress.com\/?p=1006"},"modified":"2014-03-23T18:05:32","modified_gmt":"2014-03-23T18:05:32","slug":"vm-bleibt-spannend","status":"publish","type":"post","link":"https:\/\/turm-lahnstein.de\/?p=1006","title":{"rendered":"VM bleibt spannend!"},"content":{"rendered":"<p><img loading=\"lazy\" decoding=\"async\" class=\"alignleft size-full wp-image-1007\" alt=\"vm6_2014\" src=\"https:\/\/turm-lahnstein.de\/wp-content\/uploads\/2014\/03\/vm6_2014.jpg\" width=\"300\" height=\"225\" \/>Eine Runde vor Schluss steht fest, dass es einen neuen Vereinsmeister geben wird. Stephan B\u00fcchner und Friedhelm Schneider werden in einem Fernduell den Titel unter sich ausmachen. F\u00fcr etwas Verwirrung sorgte das Schach-Programm Swiss-Chess, <!--more-->als es die Begegnung Teichgr\u00e4ber-B\u00fcchner noch einmal ausloste, wie schon in der dritten Runde, dort aber mit vertauschten Farben. Da diese Begegnung aber kampflos endete, ist nach den einprogrammierten Bestimmungen eine erneute Auslosung regelgerecht.<\/p>\n<p><strong>6. Runde:<\/strong><\/p>\n<table>\n<tbody>\n<tr>\n<td>Stephan B\u00fcchner 1:0 Frank Karzinowski<\/td>\n<\/tr>\n<tr>\n<td>Friedhelm Schneider 1:0 Werner Sonnhoff<\/td>\n<\/tr>\n<tr>\n<td>Peter Schreieck r Ralf Teichgr\u00e4ber<\/td>\n<\/tr>\n<tr>\n<td>Michael Sefeloge 0:1 Kurt Sanner<\/td>\n<\/tr>\n<tr>\n<td>Lars Wei\u00dfenfels 0:1 Norbert Niechoj<\/td>\n<\/tr>\n<tr>\n<td>Elmar Wiskirchen 0:1 Dr. Axel M\u00fcller<\/td>\n<\/tr>\n<\/tbody>\n<\/table>\n<p><strong>\u00a0<\/strong><\/p>\n<table>\n<tbody>\n<tr>\n<td>Ralf Teichgr\u00e4ber &#8211; Stephan B\u00fcchner<\/td>\n<\/tr>\n<tr>\n<td>Kurt Sanner &#8211; Friedhelm Schneider<\/td>\n<\/tr>\n<tr>\n<td>Norbert Niechoj &#8211; Peter Schreieck<\/td>\n<\/tr>\n<tr>\n<td>Werner Sonnhoff &#8211; Sabrina Ley<\/td>\n<\/tr>\n<tr>\n<td>Frank Karzinowski &#8211; Elmar Wiskirchen<\/td>\n<\/tr>\n<tr>\n<td>Dr. Axel M\u00fcller &#8211; Lars Wei\u00dfenfels<\/td>\n<\/tr>\n<tr>\n<td>Freilos = Michael Sefeloge<\/td>\n<\/tr>\n<\/tbody>\n<\/table>\n<p><strong>Stand:<\/strong><\/p>\n<table>\n<tbody>\n<tr>\n<th>Rang Name G R V Punkte BH SB<\/th>\n<\/tr>\n<tr>\n<td>1 Stephan B\u00fcchner 5 1 0 5.5 21.5 19.75<\/td>\n<\/tr>\n<tr>\n<td>2 Friedhelm Schneider 5 0 1 5.0 23.0 17.50<\/td>\n<\/tr>\n<tr>\n<td>3 Ralf Teichgr\u00e4ber 3 1 2 3.5 24.0 11.75<\/td>\n<\/tr>\n<tr>\n<td>4 Werner Sonnhoff 3 1 2 3.5 23.0 11.75<\/td>\n<\/tr>\n<tr>\n<td>5 Peter Schreieck 3 1 2 3.5 22.5 10.25<\/td>\n<\/tr>\n<tr>\n<td>6 Kurt Sanner 3 1 2 3.5 17.5 7.75<\/td>\n<\/tr>\n<tr>\n<td>7 Norbert Niechoj 3 1 2 3.5 17.5 7.25<\/td>\n<\/tr>\n<tr>\n<td>8 Frank Karzinowski 3 0 3 3.0 17.0 4.50<\/td>\n<\/tr>\n<tr>\n<td>9 Sabrina Ley 3 0 3 3.0 15.0 3.00<\/td>\n<\/tr>\n<tr>\n<td>10 Michael Sefeloge 2 1 3 2.5 18.0 5.75<\/td>\n<\/tr>\n<tr>\n<td>11 Dr. Axel M\u00fcller 2 1 3 2.5 15.5 3.25<\/td>\n<\/tr>\n<tr>\n<td>12 Lars Wei\u00dfenfels 1 1 4 1.5 14.5 0.75<\/td>\n<\/tr>\n<tr>\n<td>13 Elmar Wiskirchen 1 1 4 1.5 14.0 0.75<\/td>\n<\/tr>\n<\/tbody>\n<\/table>\n","protected":false},"excerpt":{"rendered":"<p>Eine Runde vor Schluss steht fest, dass es einen neuen Vereinsmeister geben wird. Stephan B\u00fcchner und Friedhelm Schneider werden in einem Fernduell den Titel unter sich ausmachen. F\u00fcr etwas Verwirrung [&hellip;]<\/p>\n","protected":false},"author":2,"featured_media":0,"comment_status":"open","ping_status":"open","sticky":false,"template":"","format":"standard","meta":{"footnotes":""},"categories":[10],"tags":[33,91,105],"_links":{"self":[{"href":"https:\/\/turm-lahnstein.de\/index.php?rest_route=\/wp\/v2\/posts\/1006"}],"collection":[{"href":"https:\/\/turm-lahnstein.de\/index.php?rest_route=\/wp\/v2\/posts"}],"about":[{"href":"https:\/\/turm-lahnstein.de\/index.php?rest_route=\/wp\/v2\/types\/post"}],"author":[{"embeddable":true,"href":"https:\/\/turm-lahnstein.de\/index.php?rest_route=\/wp\/v2\/users\/2"}],"replies":[{"embeddable":true,"href":"https:\/\/turm-lahnstein.de\/index.php?rest_route=%2Fwp%2Fv2%2Fcomments&post=1006"}],"version-history":[{"count":0,"href":"https:\/\/turm-lahnstein.de\/index.php?rest_route=\/wp\/v2\/posts\/1006\/revisions"}],"wp:attachment":[{"href":"https:\/\/turm-lahnstein.de\/index.php?rest_route=%2Fwp%2Fv2%2Fmedia&parent=1006"}],"wp:term":[{"taxonomy":"category","embeddable":true,"href":"https:\/\/turm-lahnstein.de\/index.php?rest_route=%2Fwp%2Fv2%2Fcategories&post=1006"},{"taxonomy":"post_tag","embeddable":true,"href":"https:\/\/turm-lahnstein.de\/index.php?rest_route=%2Fwp%2Fv2%2Ftags&post=1006"}],"curies":[{"name":"wp","href":"https:\/\/api.w.org\/{rel}","templated":true}]}}