{"id":1004,"date":"2014-03-20T15:51:19","date_gmt":"2014-03-20T15:51:19","guid":{"rendered":"http:\/\/turmlahnstein.wordpress.com\/?p=1004"},"modified":"2014-03-20T15:51:19","modified_gmt":"2014-03-20T15:51:19","slug":"saisonabschluss-der-zweiten-mannschaft","status":"publish","type":"post","link":"https:\/\/turm-lahnstein.de\/?p=1004","title":{"rendered":"Saisonabschluss der zweiten Mannschaft"},"content":{"rendered":"<p><img loading=\"lazy\" decoding=\"async\" class=\"alignright size-thumbnail wp-image-68\" alt=\"friedhelm_col\" src=\"http:\/\/turmlahnstein.files.wordpress.com\/2012\/09\/friedhelm_col.jpg?w=150\" width=\"150\" height=\"146\" \/>Als erste der f\u00fcnf Mannschaften des Schachvereins Turm Lahnstein beendete die zweite Vertretung ihre Spielsaison in der Rheinland-Liga. Mit Zufriedenheit stellen die Schachfreunde aus der Rhein-Lahn-Stadt fest, dass der Klassenerhalt fr\u00fchzeitig sichergestellt werden konnte und auch dass durch eine 2,5:5,5 Niederlage in der letzten Runde gegen die SG Rheinbreitbach-Linz der f\u00fcnfte gegen den sechsten Platz in der Abschlusstabelle ausgetauscht werden musste, hat nur optische Auswirkungen. <!--more-->Das dezimierte Teilnehmerfeld von acht Mannschaften hat zu einer verk\u00fcrzten Saison gef\u00fchrt, so dass man sich im n\u00e4chsten Spieljahr wieder auf ein komplettes Teilnehmerfeld von zehn Mannschaften freuen kann.<\/p>\n<p>Das prozentual mit Abstand beste Einzelergebnis erzielte der zu Beginn der Saison neu zum Verein gekommene Jugendliche Tim Ronge mit vier Punkten aus f\u00fcnf Partien. Von der Stammbesetzung punkteten auch Werner Sonnhoff (4 aus 7), Peter Schreieck (3,5 aus 7), Gerhard Reznik (3,5 aus 6), Sabrina Ley (3 aus 7) und J\u00f6rg Kap (2,5 aus 5) ordentlich, w\u00e4hrend Friedhelm Schneider mit seinen 1,5 aus 6 \u00fcberhaupt nicht zufrieden ist. Markus M\u00fcller und Florian Auras kamen nur auf je drei Eins\u00e4tze.<\/p>\n<p>&nbsp;<\/p>\n<p><a href=\"https:\/\/ssl-account.com\/sbrp-ergebnisdienst.de\/?p1=0:pa:RL2-13-7\" target=\"_blank\" rel=\"noopener noreferrer\">[Ergebnisse]<\/a><\/p>\n","protected":false},"excerpt":{"rendered":"<p>Als erste der f\u00fcnf Mannschaften des Schachvereins Turm Lahnstein beendete die zweite Vertretung ihre Spielsaison in der Rheinland-Liga. Mit Zufriedenheit stellen die Schachfreunde aus der Rhein-Lahn-Stadt fest, dass der Klassenerhalt [&hellip;]<\/p>\n","protected":false},"author":2,"featured_media":0,"comment_status":"open","ping_status":"open","sticky":false,"template":"","format":"standard","meta":{"footnotes":""},"categories":[11,26],"tags":[33,59,107,194,113,78,207,161,94],"_links":{"self":[{"href":"https:\/\/turm-lahnstein.de\/index.php?rest_route=\/wp\/v2\/posts\/1004"}],"collection":[{"href":"https:\/\/turm-lahnstein.de\/index.php?rest_route=\/wp\/v2\/posts"}],"about":[{"href":"https:\/\/turm-lahnstein.de\/index.php?rest_route=\/wp\/v2\/types\/post"}],"author":[{"embeddable":true,"href":"https:\/\/turm-lahnstein.de\/index.php?rest_route=\/wp\/v2\/users\/2"}],"replies":[{"embeddable":true,"href":"https:\/\/turm-lahnstein.de\/index.php?rest_route=%2Fwp%2Fv2%2Fcomments&post=1004"}],"version-history":[{"count":0,"href":"https:\/\/turm-lahnstein.de\/index.php?rest_route=\/wp\/v2\/posts\/1004\/revisions"}],"wp:attachment":[{"href":"https:\/\/turm-lahnstein.de\/index.php?rest_route=%2Fwp%2Fv2%2Fmedia&parent=1004"}],"wp:term":[{"taxonomy":"category","embeddable":true,"href":"https:\/\/turm-lahnstein.de\/index.php?rest_route=%2Fwp%2Fv2%2Fcategories&post=1004"},{"taxonomy":"post_tag","embeddable":true,"href":"https:\/\/turm-lahnstein.de\/index.php?rest_route=%2Fwp%2Fv2%2Ftags&post=1004"}],"curies":[{"name":"wp","href":"https:\/\/api.w.org\/{rel}","templated":true}]}}